{"id":82996,"date":"2026-07-16T12:35:58","date_gmt":"2026-07-16T15:35:58","guid":{"rendered":"https:\/\/conurbanodiario.com.ar\/?p=82996"},"modified":"2026-08-02T20:26:40","modified_gmt":"2026-08-02T23:26:40","slug":"carlos-balor-participo-de-la-fiesta-patronal-de-la-parroquia-nuestra-senora-de-itati-e-hizo-un-gran-anuncio-a-la-comunidad","status":"publish","type":"post","link":"https:\/\/conurbanodiario.com.ar\/?p=82996","title":{"rendered":"CARLOS BALOR PARTICIP\u00d3 DE LA FIESTA PATRONAL DE LA PARROQUIA NUESTRA SE\u00d1ORA DE ITAT\u00cd E HIZO UN GRAN ANUNCIO A LA COMUNIDAD"},"content":{"rendered":"\n<p class=\"wp-block-paragraph\"><strong>El intendente de Berazategui, Carlos Balor, particip\u00f3 de la Fiesta Patronal de la Parroquia Nuestra Se\u00f1ora de Itat\u00ed. All\u00ed, vecinos y vecinas de El Pato tambi\u00e9n celebraron el D\u00eda de la Independencia con una pe\u00f1a folcl\u00f3rica.<\/strong><\/p>\n\n\n\n<p class=\"wp-block-paragraph\">Carlos Balor expres\u00f3: \u201cLa fe y el amor por el pr\u00f3jimo son valores que fortalecen a nuestras comunidades y nos invitan a ser solidarios en estos momentos dif\u00edciles que atraviesa el pa\u00eds\u201d. Y se\u00f1al\u00f3: \u201cGracias por recibirme. Hace 17 a\u00f1os colocaron la primera piedra ac\u00e1 y hoy es una gran Parroquia. Cuenten con nosotros, que ac\u00e1 vamos a estar. El 14 de noviembre vamos a festejar el D\u00eda de esta localidad (El Pato) y vamos a inaugurar el Centro C\u00edvico Municipal El Pato. Sigamos trabajando juntos\u201d.<\/p>\n\n\n\n<p class=\"wp-block-paragraph\">En tanto, el cura p\u00e1rroco Marcelo Eyeramendi se\u00f1al\u00f3: \u201cEstamos muy agradecidos y contentos de contar con la presencia del Intendente en un d\u00eda religioso y patrio. Tambi\u00e9n quiero agradecerle toda la ayuda que nos ha brindado porque nos da fuerzas para seguir caminando\u201d.<\/p>\n\n\n\n<p class=\"wp-block-paragraph\">Durante la jornada se realiz\u00f3 una procesi\u00f3n de la Virgen Itat\u00ed por el Barrio Once de El Pato. Adem\u00e1s, hubo una pe\u00f1a folcl\u00f3rica que incluy\u00f3 comidas t\u00edpicas y bailes en vivo.<\/p>\n\n\n\n<p class=\"wp-block-paragraph\">El intendente Carlos Balor estuvo acompa\u00f1ado por integrantes del Gabinete municipal.<\/p>\n","protected":false},"excerpt":{"rendered":"<p>El intendente de Berazategui, Carlos Balor, particip\u00f3 de la Fiesta Patronal de la Parroquia Nuestra&#8230;<\/p>\n","protected":false},"author":1,"featured_media":82997,"comment_status":"closed","ping_status":"closed","sticky":false,"template":"","format":"standard","meta":{"footnotes":""},"categories":[3],"tags":[],"class_list":["post-82996","post","type-post","status-publish","format-standard","has-post-thumbnail","hentry","category-informacion-general"],"_links":{"self":[{"href":"https:\/\/conurbanodiario.com.ar\/index.php?rest_route=\/wp\/v2\/posts\/82996","targetHints":{"allow":["GET"]}}],"collection":[{"href":"https:\/\/conurbanodiario.com.ar\/index.php?rest_route=\/wp\/v2\/posts"}],"about":[{"href":"https:\/\/conurbanodiario.com.ar\/index.php?rest_route=\/wp\/v2\/types\/post"}],"author":[{"embeddable":true,"href":"https:\/\/conurbanodiario.com.ar\/index.php?rest_route=\/wp\/v2\/users\/1"}],"replies":[{"embeddable":true,"href":"https:\/\/conurbanodiario.com.ar\/index.php?rest_route=%2Fwp%2Fv2%2Fcomments&post=82996"}],"version-history":[{"count":1,"href":"https:\/\/conurbanodiario.com.ar\/index.php?rest_route=\/wp\/v2\/posts\/82996\/revisions"}],"predecessor-version":[{"id":82998,"href":"https:\/\/conurbanodiario.com.ar\/index.php?rest_route=\/wp\/v2\/posts\/82996\/revisions\/82998"}],"wp:featuredmedia":[{"embeddable":true,"href":"https:\/\/conurbanodiario.com.ar\/index.php?rest_route=\/wp\/v2\/media\/82997"}],"wp:attachment":[{"href":"https:\/\/conurbanodiario.com.ar\/index.php?rest_route=%2Fwp%2Fv2%2Fmedia&parent=82996"}],"wp:term":[{"taxonomy":"category","embeddable":true,"href":"https:\/\/conurbanodiario.com.ar\/index.php?rest_route=%2Fwp%2Fv2%2Fcategories&post=82996"},{"taxonomy":"post_tag","embeddable":true,"href":"https:\/\/conurbanodiario.com.ar\/index.php?rest_route=%2Fwp%2Fv2%2Ftags&post=82996"}],"curies":[{"name":"wp","href":"https:\/\/api.w.org\/{rel}","templated":true}]}}