{"id":82958,"date":"2026-07-03T10:07:00","date_gmt":"2026-07-03T13:07:00","guid":{"rendered":"https:\/\/conurbanodiario.com.ar\/?p=82958"},"modified":"2026-07-20T11:08:31","modified_gmt":"2026-07-20T14:08:31","slug":"carlos-balor-participo-del-encuentro-federal-por-la-memoria","status":"publish","type":"post","link":"https:\/\/conurbanodiario.com.ar\/?p=82958","title":{"rendered":"CARLOS BALOR PARTICIP\u00d3 DEL ENCUENTRO FEDERAL POR LA MEMORIA"},"content":{"rendered":"\n<p class=\"wp-block-paragraph\"><strong>El intendente de Berazategui particip\u00f3 del Encuentro Federal por la Memoria, realizado en la sede de la AMIA, en el marco del 32\u00b0 aniversario del atentado terrorista perpetrado contra esta instituci\u00f3n. La actividad reuni\u00f3 a m\u00e1s de 50 intendentes e intendentas de todo el pa\u00eds, quienes reafirmaron su compromiso con el reclamo de justicia y la preservaci\u00f3n de la memoria de las 85 v\u00edctimas fatales.<\/strong><\/p>\n\n\n\n<p class=\"wp-block-paragraph\">\u00abParticip\u00e9 del Encuentro Federal por la Memoria en la sede de la AMIA, a 32 a\u00f1os del atentado terrorista que dej\u00f3 85 v\u00edctimas fatales y m\u00e1s de 300 personas heridas\u00bb, expres\u00f3 Carlos Balor. Y continu\u00f3: \u00abJunto a otros intendentes, firmamos un acta conjunta para impulsar el permanente reclamo de justicia y renovar nuestro compromiso de mantener viva esta causa, porque la memoria y la verdad son pilares fundamentales para construir una sociedad m\u00e1s justa\u00bb.<\/p>\n\n\n\n<p class=\"wp-block-paragraph\">La jornada cont\u00f3 con la presencia de jefes comunales de municipios de las provincias de Buenos Aires, Chaco, Chubut, C\u00f3rdoba, Entre R\u00edos, Formosa, Jujuy, La Pampa, Mendoza, Misiones, Salta, San Juan, Santa Fe y Tucum\u00e1n, adem\u00e1s de autoridades nacionales, representantes de la Ciudad Aut\u00f3noma de Buenos Aires y dirigentes de las comunidades jud\u00edas de todo el pa\u00eds.<\/p>\n\n\n\n<p class=\"wp-block-paragraph\">Como parte central del encuentro, los intendentes firmaron una declaraci\u00f3n conjunta en la que reafirmaron su compromiso con el reclamo de justicia por el atentado a la AMIA, la preservaci\u00f3n de la memoria de las v\u00edctimas y la promoci\u00f3n de iniciativas orientadas a fortalecer la convivencia democr\u00e1tica, los derechos humanos y la educaci\u00f3n en valores. Adem\u00e1s, el documento impulsa acciones para prevenir y erradicar el antisemitismo, la xenofobia y toda forma de discriminaci\u00f3n.<\/p>\n","protected":false},"excerpt":{"rendered":"<p>El intendente de Berazategui particip\u00f3 del Encuentro Federal por la Memoria, realizado en la sede&#8230;<\/p>\n","protected":false},"author":1,"featured_media":82959,"comment_status":"closed","ping_status":"closed","sticky":false,"template":"","format":"standard","meta":{"footnotes":""},"categories":[35],"tags":[],"class_list":["post-82958","post","type-post","status-publish","format-standard","has-post-thumbnail","hentry","category-politica"],"_links":{"self":[{"href":"https:\/\/conurbanodiario.com.ar\/index.php?rest_route=\/wp\/v2\/posts\/82958","targetHints":{"allow":["GET"]}}],"collection":[{"href":"https:\/\/conurbanodiario.com.ar\/index.php?rest_route=\/wp\/v2\/posts"}],"about":[{"href":"https:\/\/conurbanodiario.com.ar\/index.php?rest_route=\/wp\/v2\/types\/post"}],"author":[{"embeddable":true,"href":"https:\/\/conurbanodiario.com.ar\/index.php?rest_route=\/wp\/v2\/users\/1"}],"replies":[{"embeddable":true,"href":"https:\/\/conurbanodiario.com.ar\/index.php?rest_route=%2Fwp%2Fv2%2Fcomments&post=82958"}],"version-history":[{"count":1,"href":"https:\/\/conurbanodiario.com.ar\/index.php?rest_route=\/wp\/v2\/posts\/82958\/revisions"}],"predecessor-version":[{"id":82960,"href":"https:\/\/conurbanodiario.com.ar\/index.php?rest_route=\/wp\/v2\/posts\/82958\/revisions\/82960"}],"wp:featuredmedia":[{"embeddable":true,"href":"https:\/\/conurbanodiario.com.ar\/index.php?rest_route=\/wp\/v2\/media\/82959"}],"wp:attachment":[{"href":"https:\/\/conurbanodiario.com.ar\/index.php?rest_route=%2Fwp%2Fv2%2Fmedia&parent=82958"}],"wp:term":[{"taxonomy":"category","embeddable":true,"href":"https:\/\/conurbanodiario.com.ar\/index.php?rest_route=%2Fwp%2Fv2%2Fcategories&post=82958"},{"taxonomy":"post_tag","embeddable":true,"href":"https:\/\/conurbanodiario.com.ar\/index.php?rest_route=%2Fwp%2Fv2%2Ftags&post=82958"}],"curies":[{"name":"wp","href":"https:\/\/api.w.org\/{rel}","templated":true}]}}