{"id":82943,"date":"2026-07-07T10:55:51","date_gmt":"2026-07-07T13:55:51","guid":{"rendered":"https:\/\/conurbanodiario.com.ar\/?p=82943"},"modified":"2026-08-02T20:26:51","modified_gmt":"2026-08-02T23:26:51","slug":"curso-de-elaboracion-de-alfajores-regionales-artesanales-en-el-polideportivo-n4","status":"publish","type":"post","link":"https:\/\/conurbanodiario.com.ar\/?p=82943","title":{"rendered":"CURSO DE ELABORACI\u00d3N DE ALFAJORES REGIONALES ARTESANALES EN EL POLIDEPORTIVO N\u00b04"},"content":{"rendered":"\n<p class=\"wp-block-paragraph\"><strong>Arranc\u00f3 el Curso de Elaboraci\u00f3n de Alfajores Regionales Artesanales en el Polideportivo Municipal N\u00b0 4 de Villa Mitre (Calle 164 e\/ 29 y 30), organizado por la Municipalidad de Berazategui junto con el Gobierno de la provincia de Buenos Aires.<\/strong><\/p>\n\n\n\n<p class=\"wp-block-paragraph\">Jennifer Noro, presidenta del Polideportivo N\u00b0 4, coment\u00f3: \u201cEstamos muy contentos porque participaron muchos vecinos de Berazategui en este curso que es pionero en el distrito. Agradecemos al intendente Carlos Balor y al gobernador Axel Kicillof por acercar estas propuestas gratuitas y de calidad a la comunidad, con el objetivo no solo de aprender a hacer alfajores sino tambi\u00e9n de pensar en un emprendimiento personal. Estamos muy felices; esta iniciativa est\u00e1 destinada a todo el p\u00fablico que quiera aprender a elaborar alfajores. Ya queremos probar lo que elaborar\u00e1n nuestros vecinos de la ciudad\u201d.<\/p>\n\n\n\n<p class=\"wp-block-paragraph\">Por su parte, Viviana Zabala, vecina de Berazategui que asisti\u00f3 al curso, coment\u00f3: \u201cAgradezco al intendente Carlos Balor y al gobernador Axel Kicillof por la posibilidad de hacer este curso de alfajores regionales que se organiza por primera vez en Berazategui, para aprender y contar con una salida laboral\u201d.<\/p>\n","protected":false},"excerpt":{"rendered":"<p>Arranc\u00f3 el Curso de Elaboraci\u00f3n de Alfajores Regionales Artesanales en el Polideportivo Municipal N\u00b0 4&#8230;<\/p>\n","protected":false},"author":1,"featured_media":82944,"comment_status":"closed","ping_status":"closed","sticky":false,"template":"","format":"standard","meta":{"footnotes":""},"categories":[3],"tags":[],"class_list":["post-82943","post","type-post","status-publish","format-standard","has-post-thumbnail","hentry","category-informacion-general"],"_links":{"self":[{"href":"https:\/\/conurbanodiario.com.ar\/index.php?rest_route=\/wp\/v2\/posts\/82943","targetHints":{"allow":["GET"]}}],"collection":[{"href":"https:\/\/conurbanodiario.com.ar\/index.php?rest_route=\/wp\/v2\/posts"}],"about":[{"href":"https:\/\/conurbanodiario.com.ar\/index.php?rest_route=\/wp\/v2\/types\/post"}],"author":[{"embeddable":true,"href":"https:\/\/conurbanodiario.com.ar\/index.php?rest_route=\/wp\/v2\/users\/1"}],"replies":[{"embeddable":true,"href":"https:\/\/conurbanodiario.com.ar\/index.php?rest_route=%2Fwp%2Fv2%2Fcomments&post=82943"}],"version-history":[{"count":1,"href":"https:\/\/conurbanodiario.com.ar\/index.php?rest_route=\/wp\/v2\/posts\/82943\/revisions"}],"predecessor-version":[{"id":82945,"href":"https:\/\/conurbanodiario.com.ar\/index.php?rest_route=\/wp\/v2\/posts\/82943\/revisions\/82945"}],"wp:featuredmedia":[{"embeddable":true,"href":"https:\/\/conurbanodiario.com.ar\/index.php?rest_route=\/wp\/v2\/media\/82944"}],"wp:attachment":[{"href":"https:\/\/conurbanodiario.com.ar\/index.php?rest_route=%2Fwp%2Fv2%2Fmedia&parent=82943"}],"wp:term":[{"taxonomy":"category","embeddable":true,"href":"https:\/\/conurbanodiario.com.ar\/index.php?rest_route=%2Fwp%2Fv2%2Fcategories&post=82943"},{"taxonomy":"post_tag","embeddable":true,"href":"https:\/\/conurbanodiario.com.ar\/index.php?rest_route=%2Fwp%2Fv2%2Ftags&post=82943"}],"curies":[{"name":"wp","href":"https:\/\/api.w.org\/{rel}","templated":true}]}}