{"id":82910,"date":"2026-07-17T10:12:36","date_gmt":"2026-07-17T13:12:36","guid":{"rendered":"https:\/\/conurbanodiario.com.ar\/?p=82910"},"modified":"2026-08-02T20:26:39","modified_gmt":"2026-08-02T23:26:39","slug":"lanus-gobierno-concretara-un-nuevo-operativo-de-sabados-de-salud-en-el-barrio-en-valentin-alsina","status":"publish","type":"post","link":"https:\/\/conurbanodiario.com.ar\/?p=82910","title":{"rendered":"LAN\u00daS GOBIERNO CONCRETAR\u00c1 UN NUEVO OPERATIVO DE \u00abS\u00c1BADOS DE SALUD EN EL BARRIO\u00bb EN VALENT\u00cdN ALSINA"},"content":{"rendered":"\n<p class=\"wp-block-paragraph\">Lan\u00fas Gobierno llevar\u00e1 adelante otra jornada del operativo \u201cS\u00e1bados de Salud en el Barrio\u201d este s\u00e1bado 18 de julio, de 10 a 14 &nbsp;en la plaza Constituci\u00f3n, ubicada en la&nbsp;<a href=\"https:\/\/na01.safelinks.protection.outlook.com\/?url=https%3A%2F%2Fwww.google.com%2Fmaps%2Fsearch%2Favenida%2BTte.%2BGral.%2BJuan%2BDomingo%2BPer%2Bn%2BN%2B3000%3Fentry%3Dgmail%26source%3Dg&amp;data=05%7C02%7C%7Cc259c771a598487a636e08dee2aadbed%7C84df9e7fe9f640afb435aaaaaaaaaaaa%7C1%7C0%7C639197420686063290%7CUnknown%7CTWFpbGZsb3d8eyJFbXB0eU1hcGkiOnRydWUsIlYiOiIwLjAuMDAwMCIsIlAiOiJXaW4zMiIsIkFOIjoiTWFpbCIsIldUIjoyfQ%3D%3D%7C0%7C%7C%7C&amp;sdata=L7bvXLndtYWYaz6PX0cqne3pfU88nJtEezK1BFaRSlw%3D&amp;reserved=0\" target=\"_blank\" rel=\"noreferrer noopener\">avenida Tte. Gral. Juan Domingo Per<\/a>\u00f3<a href=\"https:\/\/na01.safelinks.protection.outlook.com\/?url=https%3A%2F%2Fwww.google.com%2Fmaps%2Fsearch%2Favenida%2BTte.%2BGral.%2BJuan%2BDomingo%2BPer%2Bn%2BN%2B3000%3Fentry%3Dgmail%26source%3Dg&amp;data=05%7C02%7C%7Cc259c771a598487a636e08dee2aadbed%7C84df9e7fe9f640afb435aaaaaaaaaaaa%7C1%7C0%7C639197420686094387%7CUnknown%7CTWFpbGZsb3d8eyJFbXB0eU1hcGkiOnRydWUsIlYiOiIwLjAuMDAwMCIsIlAiOiJXaW4zMiIsIkFOIjoiTWFpbCIsIldUIjoyfQ%3D%3D%7C0%7C%7C%7C&amp;sdata=5j%2B3B1x0G6fgrHTBb4h%2F3rkrdZrJw88sDU6weALqauU%3D&amp;reserved=0\" target=\"_blank\" rel=\"noreferrer noopener\">n N<\/a>\u00ba&nbsp;<a href=\"https:\/\/na01.safelinks.protection.outlook.com\/?url=https%3A%2F%2Fwww.google.com%2Fmaps%2Fsearch%2Favenida%2BTte.%2BGral.%2BJuan%2BDomingo%2BPer%2Bn%2BN%2B3000%3Fentry%3Dgmail%26source%3Dg&amp;data=05%7C02%7C%7Cc259c771a598487a636e08dee2aadbed%7C84df9e7fe9f640afb435aaaaaaaaaaaa%7C1%7C0%7C639197420686117076%7CUnknown%7CTWFpbGZsb3d8eyJFbXB0eU1hcGkiOnRydWUsIlYiOiIwLjAuMDAwMCIsIlAiOiJXaW4zMiIsIkFOIjoiTWFpbCIsIldUIjoyfQ%3D%3D%7C0%7C%7C%7C&amp;sdata=%2BtEICMgGcxDDkf%2FsOM5I9VACnpwQ96z3NJAePhDGZqI%3D&amp;reserved=0\" target=\"_blank\" rel=\"noreferrer noopener\">3000<\/a>&nbsp;en Valent\u00edn Alsina, con el objetivo de agilizar el acceso a los servicios gratuitos de salud municipales a las vecinas y a los vecinos.<\/p>\n\n\n\n<p class=\"wp-block-paragraph\">En esta ocasi\u00f3n, se brindar\u00e1 vacunaci\u00f3n eventual, estacional y de calendario anual completo; colocaci\u00f3n y extracci\u00f3n de implantes subd\u00e9rmicos anticonceptivos y de DIU; toma de PAP; aplicaci\u00f3n de anticonceptivos inyectables; testeo r\u00e1pido de VIH\/s\u00edfilis; actualizaci\u00f3n de recetas y se realizar\u00e1n charlas sobre salud sexual y m\u00e9todos anticonceptivos.<\/p>\n\n\n\n<p class=\"wp-block-paragraph\">Asimismo, funcionar\u00e1n las habituales postas de promoci\u00f3n y prevenci\u00f3n sobre hipertensi\u00f3n y diabetes (toma de TA, glucemia y oximetr\u00eda); se ofrecer\u00e1 consultor\u00eda sobre salud nutricional; control de talla y peso; medicina general y se habilitar\u00e1 un sector especial para ni\u00f1eces con talleres sobre salud bucodental, ESI, salud sexual y reproductiva. Tambi\u00e9n estar\u00e1 disponible el recursero sobre consultorios IVE\/ILE.<\/p>\n\n\n\n<p class=\"wp-block-paragraph\">Esta jornada tambi\u00e9n tendr\u00e1 un espacio para la atenci\u00f3n de mascotas, en el que se aplicar\u00e1n vacunas antirr\u00e1bicas, se entregar\u00e1n identificadores y se brindar\u00e1 informaci\u00f3n sobre los puntos de castraci\u00f3n, la Cl\u00ednica Veterinaria Municipal, las prestaciones en salud y vinculaci\u00f3n con la comunidad, empadronamiento (HSI) e inscripciones al programa SUMAR.<\/p>\n\n\n\n<p class=\"wp-block-paragraph\">Cabe recordar que, en caso de lluvia, la actividad quedar\u00e1 suspendida.<\/p>\n","protected":false},"excerpt":{"rendered":"<p>Lan\u00fas Gobierno llevar\u00e1 adelante otra jornada del operativo \u201cS\u00e1bados de Salud en el Barrio\u201d este&#8230;<\/p>\n","protected":false},"author":1,"featured_media":82911,"comment_status":"closed","ping_status":"closed","sticky":false,"template":"","format":"standard","meta":{"footnotes":""},"categories":[31],"tags":[],"class_list":["post-82910","post","type-post","status-publish","format-standard","has-post-thumbnail","hentry","category-salud"],"_links":{"self":[{"href":"https:\/\/conurbanodiario.com.ar\/index.php?rest_route=\/wp\/v2\/posts\/82910","targetHints":{"allow":["GET"]}}],"collection":[{"href":"https:\/\/conurbanodiario.com.ar\/index.php?rest_route=\/wp\/v2\/posts"}],"about":[{"href":"https:\/\/conurbanodiario.com.ar\/index.php?rest_route=\/wp\/v2\/types\/post"}],"author":[{"embeddable":true,"href":"https:\/\/conurbanodiario.com.ar\/index.php?rest_route=\/wp\/v2\/users\/1"}],"replies":[{"embeddable":true,"href":"https:\/\/conurbanodiario.com.ar\/index.php?rest_route=%2Fwp%2Fv2%2Fcomments&post=82910"}],"version-history":[{"count":2,"href":"https:\/\/conurbanodiario.com.ar\/index.php?rest_route=\/wp\/v2\/posts\/82910\/revisions"}],"predecessor-version":[{"id":83162,"href":"https:\/\/conurbanodiario.com.ar\/index.php?rest_route=\/wp\/v2\/posts\/82910\/revisions\/83162"}],"wp:featuredmedia":[{"embeddable":true,"href":"https:\/\/conurbanodiario.com.ar\/index.php?rest_route=\/wp\/v2\/media\/82911"}],"wp:attachment":[{"href":"https:\/\/conurbanodiario.com.ar\/index.php?rest_route=%2Fwp%2Fv2%2Fmedia&parent=82910"}],"wp:term":[{"taxonomy":"category","embeddable":true,"href":"https:\/\/conurbanodiario.com.ar\/index.php?rest_route=%2Fwp%2Fv2%2Fcategories&post=82910"},{"taxonomy":"post_tag","embeddable":true,"href":"https:\/\/conurbanodiario.com.ar\/index.php?rest_route=%2Fwp%2Fv2%2Ftags&post=82910"}],"curies":[{"name":"wp","href":"https:\/\/api.w.org\/{rel}","templated":true}]}}