{"id":82315,"date":"2026-04-27T01:08:00","date_gmt":"2026-04-27T04:08:00","guid":{"rendered":"https:\/\/conurbanodiario.com.ar\/?p=82315"},"modified":"2026-04-20T11:07:00","modified_gmt":"2026-04-20T14:07:00","slug":"apertura-de-las-olimpiadas-de-energia-y-ambiente-en-varela","status":"publish","type":"post","link":"https:\/\/conurbanodiario.com.ar\/?p=82315","title":{"rendered":"APERTURA DE LAS OLIMPIADAS DE ENERG\u00cdA Y AMBIENTE EN VARELA"},"content":{"rendered":"\n<p>La competencia destinada a estudiantes del nivel secundario comenzar\u00e1 el mi\u00e9rcoles 29 de abril de 9 a 11 hs. en el predio de la ex empresa AGFA -calle Jorge Newbery esquina Posadas- con temas relacionados a la matriz energ\u00e9tica argentina y mundial, cambio clim\u00e1tico, preservaci\u00f3n del ecosistema, entre otros.<\/p>\n\n\n\n<p>\u201cEn la jornada, participar\u00e1n alumnos y alumnas inscriptos e inscriptas por sus docentes o directivos. En la apertura, la idea es vincular a todos los equipos, tanto de gesti\u00f3n estatal como privada\u201d, relata Andrea Volpatti, coordinadora local de la iniciativa. \u201cFlorencio Varela es sede zonal, pero tambi\u00e9n regional de la propuesta organizada por el Instituto Argentino del Petr\u00f3leo\u201d, explica.<\/p>\n\n\n\n<p>\u201cPara anotarse, los interesados y las interesadas tendr\u00e1n que completar el <a href=\"https:\/\/forms.gle\/4W6re5maJKQ8Ke9N8\">formulario<\/a> previamente o durante la presentaci\u00f3n de las Olimpiadas. Una vez matriculados, las y los j\u00f3venes deber\u00e1n prepararse con la bibliograf\u00eda otorgada para rendir ex\u00e1menes en las pr\u00f3ximas instancias. En la final, desarrollar\u00e1n de manera escrita un proyecto de ley\u201d, detalla sobre el proceso.&nbsp;<\/p>\n\n\n\n<p>La profesional considera \u201cfundamental estos espacios brindados por el Municipio para socializar un evento que acompa\u00f1a la transici\u00f3n de la escuela a la universidad mediante contenidos para reflexionar y generar conciencia ambiental\u201d. \u201cEstas actividades fomentan la elecci\u00f3n de carreras dictadas en la Casa de Altos Estudios de nuestro partido\u201d, a\u00f1ade.<\/p>\n","protected":false},"excerpt":{"rendered":"<p>La competencia destinada a estudiantes del nivel secundario comenzar\u00e1 el mi\u00e9rcoles 29 de abril de&#8230;<\/p>\n","protected":false},"author":1,"featured_media":82316,"comment_status":"closed","ping_status":"closed","sticky":false,"template":"","format":"standard","meta":{"footnotes":""},"categories":[27],"tags":[],"class_list":["post-82315","post","type-post","status-publish","format-standard","has-post-thumbnail","hentry","category-educacion"],"_links":{"self":[{"href":"https:\/\/conurbanodiario.com.ar\/index.php?rest_route=\/wp\/v2\/posts\/82315","targetHints":{"allow":["GET"]}}],"collection":[{"href":"https:\/\/conurbanodiario.com.ar\/index.php?rest_route=\/wp\/v2\/posts"}],"about":[{"href":"https:\/\/conurbanodiario.com.ar\/index.php?rest_route=\/wp\/v2\/types\/post"}],"author":[{"embeddable":true,"href":"https:\/\/conurbanodiario.com.ar\/index.php?rest_route=\/wp\/v2\/users\/1"}],"replies":[{"embeddable":true,"href":"https:\/\/conurbanodiario.com.ar\/index.php?rest_route=%2Fwp%2Fv2%2Fcomments&post=82315"}],"version-history":[{"count":1,"href":"https:\/\/conurbanodiario.com.ar\/index.php?rest_route=\/wp\/v2\/posts\/82315\/revisions"}],"predecessor-version":[{"id":82317,"href":"https:\/\/conurbanodiario.com.ar\/index.php?rest_route=\/wp\/v2\/posts\/82315\/revisions\/82317"}],"wp:featuredmedia":[{"embeddable":true,"href":"https:\/\/conurbanodiario.com.ar\/index.php?rest_route=\/wp\/v2\/media\/82316"}],"wp:attachment":[{"href":"https:\/\/conurbanodiario.com.ar\/index.php?rest_route=%2Fwp%2Fv2%2Fmedia&parent=82315"}],"wp:term":[{"taxonomy":"category","embeddable":true,"href":"https:\/\/conurbanodiario.com.ar\/index.php?rest_route=%2Fwp%2Fv2%2Fcategories&post=82315"},{"taxonomy":"post_tag","embeddable":true,"href":"https:\/\/conurbanodiario.com.ar\/index.php?rest_route=%2Fwp%2Fv2%2Ftags&post=82315"}],"curies":[{"name":"wp","href":"https:\/\/api.w.org\/{rel}","templated":true}]}}