{"id":82312,"date":"2026-04-24T01:05:00","date_gmt":"2026-04-24T04:05:00","guid":{"rendered":"https:\/\/conurbanodiario.com.ar\/?p=82312"},"modified":"2026-04-20T11:01:03","modified_gmt":"2026-04-20T14:01:03","slug":"varela-invitan-al-programa-de-forestacion","status":"publish","type":"post","link":"https:\/\/conurbanodiario.com.ar\/?p=82312","title":{"rendered":"VARELA: INVITAN AL PROGRAMA DE FORESTACI\u00d3N"},"content":{"rendered":"\n<p>Con la premisa de fomentar el cuidado del ecosistema y el embellecimiento urbano, la Comuna invita a la ciudadan\u00eda a participar en una nueva edici\u00f3n del programa municipal de forestaci\u00f3n.<\/p>\n\n\n\n<p>La directora general del \u00e1rea Agropecuaria -Mar\u00eda Fernanda San Mart\u00edn- relata: \u201cDesde hace 10 a\u00f1os tiene vigencia esta iniciativa con el fin de promover la sostenibilidad ambiental\u201d. \u201cLa gesti\u00f3n del intendente Andr\u00e9s Watson pone a disposici\u00f3n de la comunidad diferentes especies de manera gratuita\u201d, explica.<\/p>\n\n\n\n<p>\u201cVecinos, vecinas o instituciones podr\u00e1n registrarse para obtener fresnos, sen del campo, guar\u00e1n, casuarinas o \u00e1lamos\u201d, puntualiza. Adem\u00e1s, aclara: \u201cEn el momento correspondiente, comunicaremos a los o las postulantes la fecha y lugar de entrega\u201d.<\/p>\n\n\n\n<p>Interesadas o interesados, llenar el <a href=\"https:\/\/docs.google.com\/forms\/d\/e\/1FAIpQLSc4T8HtosQ-AQYT80wWKInYA-ifC5_-O2R2oOZ7IlTmJuuqug\/viewform\">formulario<\/a> online. La matriculaci\u00f3n continuar\u00e1 abierta hasta julio o agotar stock.<\/p>\n","protected":false},"excerpt":{"rendered":"<p>Con la premisa de fomentar el cuidado del ecosistema y el embellecimiento urbano, la Comuna&#8230;<\/p>\n","protected":false},"author":1,"featured_media":82313,"comment_status":"closed","ping_status":"closed","sticky":false,"template":"","format":"standard","meta":{"footnotes":""},"categories":[3],"tags":[],"class_list":["post-82312","post","type-post","status-publish","format-standard","has-post-thumbnail","hentry","category-informacion-general"],"_links":{"self":[{"href":"https:\/\/conurbanodiario.com.ar\/index.php?rest_route=\/wp\/v2\/posts\/82312","targetHints":{"allow":["GET"]}}],"collection":[{"href":"https:\/\/conurbanodiario.com.ar\/index.php?rest_route=\/wp\/v2\/posts"}],"about":[{"href":"https:\/\/conurbanodiario.com.ar\/index.php?rest_route=\/wp\/v2\/types\/post"}],"author":[{"embeddable":true,"href":"https:\/\/conurbanodiario.com.ar\/index.php?rest_route=\/wp\/v2\/users\/1"}],"replies":[{"embeddable":true,"href":"https:\/\/conurbanodiario.com.ar\/index.php?rest_route=%2Fwp%2Fv2%2Fcomments&post=82312"}],"version-history":[{"count":1,"href":"https:\/\/conurbanodiario.com.ar\/index.php?rest_route=\/wp\/v2\/posts\/82312\/revisions"}],"predecessor-version":[{"id":82314,"href":"https:\/\/conurbanodiario.com.ar\/index.php?rest_route=\/wp\/v2\/posts\/82312\/revisions\/82314"}],"wp:featuredmedia":[{"embeddable":true,"href":"https:\/\/conurbanodiario.com.ar\/index.php?rest_route=\/wp\/v2\/media\/82313"}],"wp:attachment":[{"href":"https:\/\/conurbanodiario.com.ar\/index.php?rest_route=%2Fwp%2Fv2%2Fmedia&parent=82312"}],"wp:term":[{"taxonomy":"category","embeddable":true,"href":"https:\/\/conurbanodiario.com.ar\/index.php?rest_route=%2Fwp%2Fv2%2Fcategories&post=82312"},{"taxonomy":"post_tag","embeddable":true,"href":"https:\/\/conurbanodiario.com.ar\/index.php?rest_route=%2Fwp%2Fv2%2Ftags&post=82312"}],"curies":[{"name":"wp","href":"https:\/\/api.w.org\/{rel}","templated":true}]}}