{"id":81712,"date":"2026-03-05T19:59:06","date_gmt":"2026-03-05T22:59:06","guid":{"rendered":"https:\/\/conurbanodiario.com.ar\/?p=81712"},"modified":"2026-03-05T20:00:35","modified_gmt":"2026-03-05T23:00:35","slug":"la-industria-inicio-2026-con-caida-generalizada","status":"publish","type":"post","link":"https:\/\/conurbanodiario.com.ar\/?p=81712","title":{"rendered":"LA INDUSTRIA INICI\u00d3 2026 CON CA\u00cdDA GENERALIZADA"},"content":{"rendered":"\n<p>El Monitor de Desempe\u00f1o Industrial (MDI) de la Uni\u00f3n Industrial Argentina (UIA) se ubic\u00f3 en 36,5 puntos en enero de 2026, muy por debajo del umbral de expansi\u00f3n de 50 puntos, seg\u00fan supo la Agencia Noticias Argentinas a partir del informe de la primera encuesta del a\u00f1o elaborado por el Centro de Estudios de la UIA (CEU-UIA).<\/p>\n\n\n\n<p>El indicador acumul\u00f3 su decimoquinto relevamiento consecutivo en zona de contracci\u00f3n, y registr\u00f3 una ca\u00edda de 7,5 puntos porcentuales respecto del trimestre anterior y de 5,6 p.p. en t\u00e9rminos interanuales.<\/p>\n\n\n\n<p>El relevamiento se realiz\u00f3 entre el 2 y el 16 de febrero de 2026, con la participaci\u00f3n de 644 empresas de diversas actividades, regiones y tama\u00f1os, en conjunto con ADIMRA y FISFE.<\/p>\n\n\n\n<h2 class=\"wp-block-heading\">Producci\u00f3n y ventas internas, las variables m\u00e1s afectadas<\/h2>\n\n\n\n<p>El 53,3% de las empresas encuestadas registr\u00f3 una ca\u00edda en su nivel de producci\u00f3n en comparaci\u00f3n con el promedio del cuarto trimestre de 2025, mientras que solo el 13,0% report\u00f3 aumentos.<\/p>\n\n\n\n<p>El \u00edndice de difusi\u00f3n de producci\u00f3n \u2014diferencia entre empresas con subas y con ca\u00eddas\u2014 se ubic\u00f3 en -40,3 puntos porcentuales, profundizando el retroceso observado en los \u00faltimos relevamientos.<\/p>\n\n\n\n<p>En materia de ventas internas, el panorama fue a\u00fan m\u00e1s desfavorable: el 54,7% de las firmas report\u00f3 bajas, el tercer valor m\u00e1s elevado de toda la serie hist\u00f3rica, frente a solo el 13,3% que registr\u00f3 aumentos.<\/p>\n\n\n\n<p>El \u00edndice de difusi\u00f3n de ventas internas se ubic\u00f3 en -41,4 p.p.<\/p>\n\n\n\n<h2 class=\"wp-block-heading\">Empleo: el 22,2% de las empresas redujo su plantel<\/h2>\n\n\n\n<p>En el mercado laboral, el 22,2% de las empresas registr\u00f3 ca\u00eddas en el empleo durante enero. Entre las firmas con reducci\u00f3n de personal, la mitad recurri\u00f3 directamente a la desvinculaci\u00f3n de trabajadores.<\/p>\n\n\n\n<p>El 41,4% ajust\u00f3 mediante reducci\u00f3n de turnos laborales y el 22,9% implement\u00f3 suspensiones.<\/p>\n\n\n\n<p>De cara a los pr\u00f3ximos doce meses, el 26,0% de las empresas prev\u00e9 una nueva reducci\u00f3n de planteles, frente al 19,4% que anticipa incorporaciones.<\/p>\n\n\n\n<h2 class=\"wp-block-heading\">PyMES, las m\u00e1s golpeadas en producci\u00f3n y ventas<\/h2>\n\n\n\n<p>En el segmento de micro y peque\u00f1as empresas, el impacto fue m\u00e1s pronunciado que en las medianas y grandes.<\/p>\n\n\n\n<p>El informe muestra diferencias significativas seg\u00fan el tama\u00f1o de las empresas. Para la producci\u00f3n, el \u00edndice de difusi\u00f3n fue de -43,3 p.p. en micro y peque\u00f1as, frente a -34,8 p.p. en medianas y grandes. En cuanto a ventas internas, la brecha fue a\u00fan mayor: -46,5 p.p. para micro y peque\u00f1as versus -30,8 p.p. para medianas y grandes.<\/p>\n\n\n\n<p>En empleo se observ\u00f3 la situaci\u00f3n inversa: las medianas y grandes registraron un impacto negativo mayor, de -18,5 p.p., frente a -13,3 p.p. en micro y peque\u00f1as. El informe atribuye esto a un menor margen de ajuste por otras v\u00edas en las empresas de mayor tama\u00f1o.<\/p>\n\n\n\n<p>Todos los sectores en zona de contracci\u00f3n<\/p>\n\n\n\n<p>El informe indica que todos los sectores industriales relevados mostraron un MDI por debajo de 50, es decir, en zona de contracci\u00f3n. Los valores m\u00e1s bajos se registraron en Productos Textiles (23,1 puntos), Papel y Madera (30,1) y Confecciones, cuero y calzado (30,2).<\/p>\n\n\n\n<p>Los sectores con mejor desempe\u00f1o relativo fueron Metalmec\u00e1nica (40,9), Alimentos, Bebidas y Tabaco (40,6) y Productos Qu\u00edmicos y Petroqu\u00edmicos (40,3), aunque todos permanecen en zona de contracci\u00f3n.<\/p>\n\n\n\n<h2 class=\"wp-block-heading\">Casi la mitad de las empresas tuvo atrasos en pagos<\/h2>\n\n\n\n<p>El 45,6% de las firmas report\u00f3 dificultades para afrontar al menos uno de los siguientes compromisos: salarios, proveedores, compromisos financieros, servicios p\u00fablicos e impuestos.<\/p>\n\n\n\n<p>Las mayores complicaciones se concentraron en el pago de impuestos (33,2%) y proveedores (31,9%). El 5,4% present\u00f3 atrasos en la totalidad de los pagos relevados.<\/p>\n\n\n\n<p>Entre las principales consecuencias, el 39,8% de las empresas con atrasos se\u00f1al\u00f3 el pago de intereses y mayores costos financieros, y el 38,1% indic\u00f3 el aumento del endeudamiento o la necesidad de financiamiento a corto plazo.<\/p>\n\n\n\n<p>La demanda interna lidera las preocupaciones; crecen las inquietudes por importaciones<br>El 46,1% de las empresas identific\u00f3 la ca\u00edda de la demanda interna como su principal desaf\u00edo. En segundo lugar se ubic\u00f3 el aumento de costos, con el 19,7%, con el costo laboral como el componente m\u00e1s se\u00f1alado (49,6% dentro de ese grupo).<\/p>\n\n\n\n<p>En tercer lugar, con el 19,4%, aparece la dificultad para competir con bienes importados, un \u00edtem que no registraba menciones en el relevamiento de octubre de 2024 y que creci\u00f3 de manera sostenida en un contexto de mayor apertura comercial y apreciaci\u00f3n cambiaria.<\/p>\n\n\n\n<h2 class=\"wp-block-heading\">Capacidad instalada y expectativas, tambi\u00e9n a la baja<\/h2>\n\n\n\n<p>La utilizaci\u00f3n de la capacidad instalada promedi\u00f3 el 52,0% en enero. El 72,4% de las firmas oper\u00f3 por debajo de su nivel considerado \u00f3ptimo, y el 70,4% proyecta alcanzar ese umbral reci\u00e9n en el segundo semestre de 2026.<\/p>\n\n\n\n<p>Las expectativas para los pr\u00f3ximos doce meses tambi\u00e9n mostraron una moderaci\u00f3n respecto al relevamiento anterior. El 47,8% de las empresas prev\u00e9 una mejora en su situaci\u00f3n econ\u00f3mica propia, frente al 60,4% del trimestre anterior; el 41,0% anticipa mejoras en su sector de actividad (contra 57,0%); y el 51,0% espera un mejor contexto econ\u00f3mico nacional (frente al 68,6%).<\/p>\n","protected":false},"excerpt":{"rendered":"<p>El Monitor de Desempe\u00f1o Industrial (MDI) de la Uni\u00f3n Industrial Argentina (UIA) se ubic\u00f3 en&#8230;<\/p>\n","protected":false},"author":1,"featured_media":81713,"comment_status":"closed","ping_status":"closed","sticky":false,"template":"","format":"standard","meta":{"footnotes":""},"categories":[5],"tags":[],"class_list":["post-81712","post","type-post","status-publish","format-standard","has-post-thumbnail","hentry","category-el-pais"],"_links":{"self":[{"href":"https:\/\/conurbanodiario.com.ar\/index.php?rest_route=\/wp\/v2\/posts\/81712","targetHints":{"allow":["GET"]}}],"collection":[{"href":"https:\/\/conurbanodiario.com.ar\/index.php?rest_route=\/wp\/v2\/posts"}],"about":[{"href":"https:\/\/conurbanodiario.com.ar\/index.php?rest_route=\/wp\/v2\/types\/post"}],"author":[{"embeddable":true,"href":"https:\/\/conurbanodiario.com.ar\/index.php?rest_route=\/wp\/v2\/users\/1"}],"replies":[{"embeddable":true,"href":"https:\/\/conurbanodiario.com.ar\/index.php?rest_route=%2Fwp%2Fv2%2Fcomments&post=81712"}],"version-history":[{"count":2,"href":"https:\/\/conurbanodiario.com.ar\/index.php?rest_route=\/wp\/v2\/posts\/81712\/revisions"}],"predecessor-version":[{"id":81716,"href":"https:\/\/conurbanodiario.com.ar\/index.php?rest_route=\/wp\/v2\/posts\/81712\/revisions\/81716"}],"wp:featuredmedia":[{"embeddable":true,"href":"https:\/\/conurbanodiario.com.ar\/index.php?rest_route=\/wp\/v2\/media\/81713"}],"wp:attachment":[{"href":"https:\/\/conurbanodiario.com.ar\/index.php?rest_route=%2Fwp%2Fv2%2Fmedia&parent=81712"}],"wp:term":[{"taxonomy":"category","embeddable":true,"href":"https:\/\/conurbanodiario.com.ar\/index.php?rest_route=%2Fwp%2Fv2%2Fcategories&post=81712"},{"taxonomy":"post_tag","embeddable":true,"href":"https:\/\/conurbanodiario.com.ar\/index.php?rest_route=%2Fwp%2Fv2%2Ftags&post=81712"}],"curies":[{"name":"wp","href":"https:\/\/api.w.org\/{rel}","templated":true}]}}