{"id":81697,"date":"2026-03-05T19:05:36","date_gmt":"2026-03-05T22:05:36","guid":{"rendered":"https:\/\/conurbanodiario.com.ar\/?p=81697"},"modified":"2026-03-05T19:05:36","modified_gmt":"2026-03-05T22:05:36","slug":"san-fernando-baja-presion-de-agua-en-mil-viviendas-por-tareas-de-absa","status":"publish","type":"post","link":"https:\/\/conurbanodiario.com.ar\/?p=81697","title":{"rendered":"SAN FERNANDO: BAJA PRESI\u00d3N DE AGUA EN MIL VIVIENDAS POR TAREAS DE ABSA"},"content":{"rendered":"\n<p>San Fernando volvi\u00f3 a registrar un episodio de baja presi\u00f3n de agua en un barrio densamente poblado, una combinaci\u00f3n que suele escalar r\u00e1pido cuando se corta el suministro dom\u00e9stico.<\/p>\n\n\n\n<p>Seg\u00fan se supo, la prestataria ABSA realiza tareas de mantenimiento y reparaci\u00f3n sobre la red de agua potable en la zona del tanque ubicado en Carlos Casares y Lugones.<\/p>\n\n\n\n<p>El impacto se\u00f1alado es sobre el Barrio Mil Viviendas, con baja presi\u00f3n durante las maniobras y un horario de normalizaci\u00f3n estimado alrededor de las 13:00.<\/p>\n\n\n\n<p>La empresa pidi\u00f3 consumo responsable mientras duren los trabajos y recomend\u00f3 priorizar agua para hidrataci\u00f3n y tareas esenciales, un pedido que en la pr\u00e1ctica expone la fragilidad de las reservas domiciliarias en muchos hogares.<\/p>\n\n\n\n<p>En estos episodios, el dato que define el malestar social no es solo la intervenci\u00f3n t\u00e9cnica, sino la previsibilidad: si hay aviso a tiempo, si se repite y qu\u00e9 respuesta existe para personas mayores, comedores o instituciones que dependen del servicio.<\/p>\n\n\n\n<p>El punto cr\u00edtico para el municipio es de gesti\u00f3n territorial: seguimiento del reclamo, asistencia si el problema se prolonga y control de que la normalizaci\u00f3n se cumpla en el horario anunciado.<\/p>\n\n\n\n<p>Cuando el agua baja, la discusi\u00f3n se vuelve pol\u00edtica en cuesti\u00f3n de horas: servicio b\u00e1sico versus capacidad real de infraestructura y mantenimiento sostenido.<\/p>\n","protected":false},"excerpt":{"rendered":"<p>San Fernando volvi\u00f3 a registrar un episodio de baja presi\u00f3n de agua en un barrio&#8230;<\/p>\n","protected":false},"author":1,"featured_media":81698,"comment_status":"closed","ping_status":"closed","sticky":false,"template":"","format":"standard","meta":{"footnotes":""},"categories":[28],"tags":[],"class_list":["post-81697","post","type-post","status-publish","format-standard","has-post-thumbnail","hentry","category-la-provincia"],"_links":{"self":[{"href":"https:\/\/conurbanodiario.com.ar\/index.php?rest_route=\/wp\/v2\/posts\/81697","targetHints":{"allow":["GET"]}}],"collection":[{"href":"https:\/\/conurbanodiario.com.ar\/index.php?rest_route=\/wp\/v2\/posts"}],"about":[{"href":"https:\/\/conurbanodiario.com.ar\/index.php?rest_route=\/wp\/v2\/types\/post"}],"author":[{"embeddable":true,"href":"https:\/\/conurbanodiario.com.ar\/index.php?rest_route=\/wp\/v2\/users\/1"}],"replies":[{"embeddable":true,"href":"https:\/\/conurbanodiario.com.ar\/index.php?rest_route=%2Fwp%2Fv2%2Fcomments&post=81697"}],"version-history":[{"count":1,"href":"https:\/\/conurbanodiario.com.ar\/index.php?rest_route=\/wp\/v2\/posts\/81697\/revisions"}],"predecessor-version":[{"id":81699,"href":"https:\/\/conurbanodiario.com.ar\/index.php?rest_route=\/wp\/v2\/posts\/81697\/revisions\/81699"}],"wp:featuredmedia":[{"embeddable":true,"href":"https:\/\/conurbanodiario.com.ar\/index.php?rest_route=\/wp\/v2\/media\/81698"}],"wp:attachment":[{"href":"https:\/\/conurbanodiario.com.ar\/index.php?rest_route=%2Fwp%2Fv2%2Fmedia&parent=81697"}],"wp:term":[{"taxonomy":"category","embeddable":true,"href":"https:\/\/conurbanodiario.com.ar\/index.php?rest_route=%2Fwp%2Fv2%2Fcategories&post=81697"},{"taxonomy":"post_tag","embeddable":true,"href":"https:\/\/conurbanodiario.com.ar\/index.php?rest_route=%2Fwp%2Fv2%2Ftags&post=81697"}],"curies":[{"name":"wp","href":"https:\/\/api.w.org\/{rel}","templated":true}]}}