{"id":81684,"date":"2026-03-05T01:06:00","date_gmt":"2026-03-05T04:06:00","guid":{"rendered":"https:\/\/conurbanodiario.com.ar\/?p=81684"},"modified":"2026-03-03T16:17:29","modified_gmt":"2026-03-03T19:17:29","slug":"audiciones-para-el-coro-vocacional-municipal-de-varela","status":"publish","type":"post","link":"https:\/\/conurbanodiario.com.ar\/?p=81684","title":{"rendered":"AUDICIONES PARA EL CORO VOCACIONAL MUNICIPAL DE VARELA"},"content":{"rendered":"\n<p>El elenco comunal abre la convocatoria con el objetivo de sumar voces para cuerdas de soprano, contralto, tenor y bajo, todos los viernes de marzo, desde las 19.30 hs. en la Casa de la Cultura -Mitre N\u00ba149-.<\/p>\n\n\n\n<p>\u201cMediante diferentes ejercicios de vocalizaci\u00f3n, evaluaremos el grado de afinaci\u00f3n, el nivel y el desempe\u00f1o de la voz\u00bb, detalla Nicol\u00e1s Argento -director del Coro-. Adem\u00e1s, aclara: \u201cNo es necesario saber leer partituras ni tener conocimientos previos en la materia. No es una evaluaci\u00f3n, sino un reconocimiento de aptitudes. S\u00ed es requisito ser mayor de 16 a\u00f1os\u201d.<\/p>\n\n\n\n<p>Por otro lado, considera a la m\u00fasica \u201cno solo un lenguaje universal para disfrutar y transmitir variadas emociones, sino tambi\u00e9n un espacio de interacci\u00f3n con otros, donde la participaci\u00f3n, as\u00ed como el compromiso colectivo, son vitales a fin de lograr un ensamble homog\u00e9neo\u201d, asegura.<\/p>\n\n\n\n<p><\/p>\n","protected":false},"excerpt":{"rendered":"<p>El elenco comunal abre la convocatoria con el objetivo de sumar voces para cuerdas de&#8230;<\/p>\n","protected":false},"author":1,"featured_media":81685,"comment_status":"closed","ping_status":"closed","sticky":false,"template":"","format":"standard","meta":{"footnotes":""},"categories":[8],"tags":[],"class_list":["post-81684","post","type-post","status-publish","format-standard","has-post-thumbnail","hentry","category-cultura"],"_links":{"self":[{"href":"https:\/\/conurbanodiario.com.ar\/index.php?rest_route=\/wp\/v2\/posts\/81684","targetHints":{"allow":["GET"]}}],"collection":[{"href":"https:\/\/conurbanodiario.com.ar\/index.php?rest_route=\/wp\/v2\/posts"}],"about":[{"href":"https:\/\/conurbanodiario.com.ar\/index.php?rest_route=\/wp\/v2\/types\/post"}],"author":[{"embeddable":true,"href":"https:\/\/conurbanodiario.com.ar\/index.php?rest_route=\/wp\/v2\/users\/1"}],"replies":[{"embeddable":true,"href":"https:\/\/conurbanodiario.com.ar\/index.php?rest_route=%2Fwp%2Fv2%2Fcomments&post=81684"}],"version-history":[{"count":1,"href":"https:\/\/conurbanodiario.com.ar\/index.php?rest_route=\/wp\/v2\/posts\/81684\/revisions"}],"predecessor-version":[{"id":81686,"href":"https:\/\/conurbanodiario.com.ar\/index.php?rest_route=\/wp\/v2\/posts\/81684\/revisions\/81686"}],"wp:featuredmedia":[{"embeddable":true,"href":"https:\/\/conurbanodiario.com.ar\/index.php?rest_route=\/wp\/v2\/media\/81685"}],"wp:attachment":[{"href":"https:\/\/conurbanodiario.com.ar\/index.php?rest_route=%2Fwp%2Fv2%2Fmedia&parent=81684"}],"wp:term":[{"taxonomy":"category","embeddable":true,"href":"https:\/\/conurbanodiario.com.ar\/index.php?rest_route=%2Fwp%2Fv2%2Fcategories&post=81684"},{"taxonomy":"post_tag","embeddable":true,"href":"https:\/\/conurbanodiario.com.ar\/index.php?rest_route=%2Fwp%2Fv2%2Ftags&post=81684"}],"curies":[{"name":"wp","href":"https:\/\/api.w.org\/{rel}","templated":true}]}}