{"id":81511,"date":"2026-02-10T14:00:10","date_gmt":"2026-02-10T17:00:10","guid":{"rendered":"https:\/\/conurbanodiario.com.ar\/?p=81511"},"modified":"2026-02-17T14:12:37","modified_gmt":"2026-02-17T17:12:37","slug":"vacaciones-de-verano-en-el-parque-municipal-de-la-familia-y-los-animales","status":"publish","type":"post","link":"https:\/\/conurbanodiario.com.ar\/?p=81511","title":{"rendered":"VACACIONES DE VERANO EN EL PARQUE MUNICIPAL DE LA FAMILIA Y LOS ANIMALES"},"content":{"rendered":"\n<p>La Granja Educativa del Parque Municipal de la Familia y los Animales (Av. Ranelagh y Milazzo) abre sus puertas los s\u00e1bados, domingos y feriados, de 10.00 a 18.00, y ofrece una atractiva propuesta para que las familias de Berazategui disfruten de las vacaciones de verano. Se trata de una iniciativa impulsada por el intendente Carlos Balor.<\/p>\n\n\n\n<p>Los vecinos y vecinas pueden conocer a los animales que fueron rescatados y que actualmente son cuidados por los profesionales de la Cl\u00ednica Veterinaria Municipal. La entrada es libre y gratuita.<\/p>\n\n\n\n<p>La Granja Educativa se presenta como una excelente opci\u00f3n para personas de todas las edades, ya que permite aprender sobre el cuidado y el respeto por los animales, compartir un momento al aire libre y vivir una experiencia enriquecedora en familia.<\/p>\n\n\n\n<p>Por su parte, el Parque Municipal de la Familia y los Animales permanece abierto todos los d\u00edas, de 10.00 a 18.00. Cuenta con una gran variedad de especies vegetales aut\u00f3ctonas y espacios recreativos pensados para grandes y chicos, como juegos infantiles y un reloj solar. Adem\u00e1s, las y los vecinos pueden ingresar con sus animales de compa\u00f1\u00eda, siempre con correa, collar, chapita identificatoria y bolsitas para levantar sus desechos.<\/p>\n\n\n\n<p>Para conocer m\u00e1s pol\u00edticas p\u00fablicas en materia de salud y cuidado de los animales de compa\u00f1\u00eda, se puede ingresar a corazondezonasur.com.ar\/parque.<\/p>\n","protected":false},"excerpt":{"rendered":"<p>La Granja Educativa del Parque Municipal de la Familia y los Animales (Av. Ranelagh y&#8230;<\/p>\n","protected":false},"author":1,"featured_media":81512,"comment_status":"closed","ping_status":"closed","sticky":false,"template":"","format":"standard","meta":{"footnotes":""},"categories":[3],"tags":[],"class_list":["post-81511","post","type-post","status-publish","format-standard","has-post-thumbnail","hentry","category-informacion-general"],"_links":{"self":[{"href":"https:\/\/conurbanodiario.com.ar\/index.php?rest_route=\/wp\/v2\/posts\/81511","targetHints":{"allow":["GET"]}}],"collection":[{"href":"https:\/\/conurbanodiario.com.ar\/index.php?rest_route=\/wp\/v2\/posts"}],"about":[{"href":"https:\/\/conurbanodiario.com.ar\/index.php?rest_route=\/wp\/v2\/types\/post"}],"author":[{"embeddable":true,"href":"https:\/\/conurbanodiario.com.ar\/index.php?rest_route=\/wp\/v2\/users\/1"}],"replies":[{"embeddable":true,"href":"https:\/\/conurbanodiario.com.ar\/index.php?rest_route=%2Fwp%2Fv2%2Fcomments&post=81511"}],"version-history":[{"count":1,"href":"https:\/\/conurbanodiario.com.ar\/index.php?rest_route=\/wp\/v2\/posts\/81511\/revisions"}],"predecessor-version":[{"id":81513,"href":"https:\/\/conurbanodiario.com.ar\/index.php?rest_route=\/wp\/v2\/posts\/81511\/revisions\/81513"}],"wp:featuredmedia":[{"embeddable":true,"href":"https:\/\/conurbanodiario.com.ar\/index.php?rest_route=\/wp\/v2\/media\/81512"}],"wp:attachment":[{"href":"https:\/\/conurbanodiario.com.ar\/index.php?rest_route=%2Fwp%2Fv2%2Fmedia&parent=81511"}],"wp:term":[{"taxonomy":"category","embeddable":true,"href":"https:\/\/conurbanodiario.com.ar\/index.php?rest_route=%2Fwp%2Fv2%2Fcategories&post=81511"},{"taxonomy":"post_tag","embeddable":true,"href":"https:\/\/conurbanodiario.com.ar\/index.php?rest_route=%2Fwp%2Fv2%2Ftags&post=81511"}],"curies":[{"name":"wp","href":"https:\/\/api.w.org\/{rel}","templated":true}]}}