{"id":81508,"date":"2026-02-12T13:56:48","date_gmt":"2026-02-12T16:56:48","guid":{"rendered":"https:\/\/conurbanodiario.com.ar\/?p=81508"},"modified":"2026-02-17T13:59:41","modified_gmt":"2026-02-17T16:59:41","slug":"el-concejo-deliberante-de-berazategui-repudio-la-reforma-laboral-propuesta-por-el-gobierno-nacional","status":"publish","type":"post","link":"https:\/\/conurbanodiario.com.ar\/?p=81508","title":{"rendered":"EL CONCEJO DELIBERANTE DE BERAZATEGUI REPUDI\u00d3 LA REFORMA LABORAL PROPUESTA POR EL GOBIERNO NACIONAL"},"content":{"rendered":"\n<p>En una Sesi\u00f3n Extraordinaria solicitada por el Bloque Justicialista, el Honorable Concejo Deliberante (HCD) de Berazategui repudi\u00f3 y rechaz\u00f3 el proyecto de reforma laboral presentado por el Gobierno Nacional en la Honorable C\u00e1mara de Senadores de la Naci\u00f3n.<\/p>\n\n\n\n<p>En ese marco, Andr\u00e9s Nikitiuk, concejal del Bloque Justicialista, expres\u00f3: \u201cNo debe existir otra manera que el rechazo a lo que este Gobierno Nacional est\u00e1 proponiendo. Esta reforma busca debilitar al movimiento obrero organizado y va en contra de los trabajadores y trabajadoras. Por eso, con el acompa\u00f1amiento de nuestra presidenta del HCD, Luc\u00eda Vega, los concejales y concejalas peronistas propusimos esta sesi\u00f3n para emitir el repudio. Lamentablemente, los concejales de La Libertad Avanza no acompa\u00f1aron el repudio\u201d.<\/p>\n\n\n\n<p>Asimismo, Emilio Piaggi, tambi\u00e9n concejal del Bloque Justicialista, agreg\u00f3: \u201cJuan Jos\u00e9 Mussi nos marc\u00f3 el camino y a trav\u00e9s del intendente Carlos Balor seguimos su legado. As\u00ed es que repudiamos esta mal llamada modernizaci\u00f3n laboral, para defender los derechos de todos los trabajadores y trabajadoras\u201d.<\/p>\n\n\n\n<p>Representantes locales de distintos Sindicatos participaron de la Sesi\u00f3n Extraordinaria y expresaron su acompa\u00f1amiento al rechazo del HCD a la reforma laboral.<\/p>\n","protected":false},"excerpt":{"rendered":"<p>En una Sesi\u00f3n Extraordinaria solicitada por el Bloque Justicialista, el Honorable Concejo Deliberante (HCD) de&#8230;<\/p>\n","protected":false},"author":1,"featured_media":81509,"comment_status":"closed","ping_status":"closed","sticky":false,"template":"","format":"standard","meta":{"footnotes":""},"categories":[35],"tags":[],"class_list":["post-81508","post","type-post","status-publish","format-standard","has-post-thumbnail","hentry","category-politica"],"_links":{"self":[{"href":"https:\/\/conurbanodiario.com.ar\/index.php?rest_route=\/wp\/v2\/posts\/81508","targetHints":{"allow":["GET"]}}],"collection":[{"href":"https:\/\/conurbanodiario.com.ar\/index.php?rest_route=\/wp\/v2\/posts"}],"about":[{"href":"https:\/\/conurbanodiario.com.ar\/index.php?rest_route=\/wp\/v2\/types\/post"}],"author":[{"embeddable":true,"href":"https:\/\/conurbanodiario.com.ar\/index.php?rest_route=\/wp\/v2\/users\/1"}],"replies":[{"embeddable":true,"href":"https:\/\/conurbanodiario.com.ar\/index.php?rest_route=%2Fwp%2Fv2%2Fcomments&post=81508"}],"version-history":[{"count":1,"href":"https:\/\/conurbanodiario.com.ar\/index.php?rest_route=\/wp\/v2\/posts\/81508\/revisions"}],"predecessor-version":[{"id":81510,"href":"https:\/\/conurbanodiario.com.ar\/index.php?rest_route=\/wp\/v2\/posts\/81508\/revisions\/81510"}],"wp:featuredmedia":[{"embeddable":true,"href":"https:\/\/conurbanodiario.com.ar\/index.php?rest_route=\/wp\/v2\/media\/81509"}],"wp:attachment":[{"href":"https:\/\/conurbanodiario.com.ar\/index.php?rest_route=%2Fwp%2Fv2%2Fmedia&parent=81508"}],"wp:term":[{"taxonomy":"category","embeddable":true,"href":"https:\/\/conurbanodiario.com.ar\/index.php?rest_route=%2Fwp%2Fv2%2Fcategories&post=81508"},{"taxonomy":"post_tag","embeddable":true,"href":"https:\/\/conurbanodiario.com.ar\/index.php?rest_route=%2Fwp%2Fv2%2Ftags&post=81508"}],"curies":[{"name":"wp","href":"https:\/\/api.w.org\/{rel}","templated":true}]}}