{"id":81505,"date":"2026-02-12T13:55:11","date_gmt":"2026-02-12T16:55:11","guid":{"rendered":"https:\/\/conurbanodiario.com.ar\/?p=81505"},"modified":"2026-02-17T13:56:31","modified_gmt":"2026-02-17T16:56:31","slug":"el-exitoso-ciclo-de-verano-2026-continua-durante-febrero-en-berazategui","status":"publish","type":"post","link":"https:\/\/conurbanodiario.com.ar\/?p=81505","title":{"rendered":"EL EXITOSO CICLO DE VERANO 2026 CONTIN\u00daA DURANTE FEBRERO EN BERAZATEGUI"},"content":{"rendered":"\n<p>Los vecinos y vecinas de Berazategui pueden disfrutar de la amplia y variada oferta de propuestas culturales gratuitas del Ciclo de Verano 2026, que organiza la Municipalidad por iniciativa del intendente Carlos Balor.<\/p>\n\n\n\n<p>A continuaci\u00f3n se detalla la agenda para los pr\u00f3ximos d\u00edas en distintos puntos de la ciudad:<\/p>\n\n\n\n<ul class=\"wp-block-list\">\n<li>Mi\u00e9rcoles 11\/02: \u201cTaller de identidad murguera\u201d, destinado a las infancias, a las 16.30. Complejo Cultural Municipal San Francisco, calle 23 y 149.<\/li>\n\n\n\n<li>Mi\u00e9rcoles 11\/02: \u201cCine m\u00f3vil\u201d a las 19.00: proyecci\u00f3n de \u201cLos 4 Fant\u00e1sticos\u201d. Sociedad de Fomento Barrio Once, calle 616 y 504.<\/li>\n\n\n\n<li>Jueves 12\/02: \u201cTeatro en El Patio\u201d, a las 20.30: \u201cVariet\u00e9 G\u00e9minis\u201d de Priscila Franco. Complejo Cultural Municipal El Patio, calle 149 entre 15 y 15 A.<\/li>\n\n\n\n<li>Viernes 13\/02: \u201cPatio de Tango y Folclore\u201d, a las 20.30. Centro Municipal de Actividades Roberto De Vicenzo, calle 148 y 18.<\/li>\n\n\n\n<li>Viernes 13\/02: \u201cBera Suena\u201d, a las 20.30: se presentan \u201cVida Pura\u201d y \u201cLa Bomba del Ghetto\u201d. Complejo Cultural Municipal La Humanitaria, Lisandro de la Torre y 52 (Hudson).<\/li>\n\n\n\n<li>S\u00e1bado 14\/02: Taller \u201cInventos musicales. Creaci\u00f3n sonora intuitiva\u201d, a las 17.00. Complejo Cultural Municipal La Casa de la Estaci\u00f3n, Av. Sabin entre 362 y 363.<\/li>\n\n\n\n<li>S\u00e1bado 14\/02: \u201cVamos a la Plaza: clases abiertas y talleres para toda la comunidad\u201d, a las 18.00. Plaza San Mart\u00edn, Av. Mitre entre 6 y 7.<\/li>\n\n\n\n<li>S\u00e1bado 14\/02: \u201cJuntada: La Calle es carnaval\u201d, a las 18.00. Complejo Cultural Municipal La Calle, 148 y 18 A.<\/li>\n\n\n\n<li>Domingo 15\/02: Taller \u201cF\u00e1brica de juguetes\u201d, a las 17.00. Complejo Cultural Municipal La Casa de la Estaci\u00f3n, Av. Sabin entre 362 y 363.<\/li>\n\n\n\n<li>Domingo 15\/02: \u201cCaf\u00e9 Literario\u201d, a las 18.00. Complejo Cultural Municipal El Patio, calle 149 entre 15 y 15 A.<\/li>\n\n\n\n<li>Domingo 15 y lunes 16\/02: \u201cCarnaval de Bera\u201d, a las 19.00. Av. Mitre entre calle 1 y 5.<\/li>\n<\/ul>\n\n\n\n<p>Para consultar el cronograma completo, se puede ingresar a berazategui.gob.ar\/cultura o a las redes sociales: @MuniBerazategui y @culturabe.<\/p>\n","protected":false},"excerpt":{"rendered":"<p>Los vecinos y vecinas de Berazategui pueden disfrutar de la amplia y variada oferta de&#8230;<\/p>\n","protected":false},"author":1,"featured_media":81506,"comment_status":"closed","ping_status":"closed","sticky":false,"template":"","format":"standard","meta":{"footnotes":""},"categories":[8],"tags":[],"class_list":["post-81505","post","type-post","status-publish","format-standard","has-post-thumbnail","hentry","category-cultura"],"_links":{"self":[{"href":"https:\/\/conurbanodiario.com.ar\/index.php?rest_route=\/wp\/v2\/posts\/81505","targetHints":{"allow":["GET"]}}],"collection":[{"href":"https:\/\/conurbanodiario.com.ar\/index.php?rest_route=\/wp\/v2\/posts"}],"about":[{"href":"https:\/\/conurbanodiario.com.ar\/index.php?rest_route=\/wp\/v2\/types\/post"}],"author":[{"embeddable":true,"href":"https:\/\/conurbanodiario.com.ar\/index.php?rest_route=\/wp\/v2\/users\/1"}],"replies":[{"embeddable":true,"href":"https:\/\/conurbanodiario.com.ar\/index.php?rest_route=%2Fwp%2Fv2%2Fcomments&post=81505"}],"version-history":[{"count":1,"href":"https:\/\/conurbanodiario.com.ar\/index.php?rest_route=\/wp\/v2\/posts\/81505\/revisions"}],"predecessor-version":[{"id":81507,"href":"https:\/\/conurbanodiario.com.ar\/index.php?rest_route=\/wp\/v2\/posts\/81505\/revisions\/81507"}],"wp:featuredmedia":[{"embeddable":true,"href":"https:\/\/conurbanodiario.com.ar\/index.php?rest_route=\/wp\/v2\/media\/81506"}],"wp:attachment":[{"href":"https:\/\/conurbanodiario.com.ar\/index.php?rest_route=%2Fwp%2Fv2%2Fmedia&parent=81505"}],"wp:term":[{"taxonomy":"category","embeddable":true,"href":"https:\/\/conurbanodiario.com.ar\/index.php?rest_route=%2Fwp%2Fv2%2Fcategories&post=81505"},{"taxonomy":"post_tag","embeddable":true,"href":"https:\/\/conurbanodiario.com.ar\/index.php?rest_route=%2Fwp%2Fv2%2Ftags&post=81505"}],"curies":[{"name":"wp","href":"https:\/\/api.w.org\/{rel}","templated":true}]}}