{"id":81463,"date":"2026-02-17T01:10:00","date_gmt":"2026-02-17T04:10:00","guid":{"rendered":"https:\/\/conurbanodiario.com.ar\/?p=81463"},"modified":"2026-03-02T22:39:38","modified_gmt":"2026-03-03T01:39:38","slug":"carlos-balor-vamos-a-seguir-defendiendo-la-escuela-publica","status":"publish","type":"post","link":"https:\/\/conurbanodiario.com.ar\/?p=81463","title":{"rendered":"CARLOS BALOR: \u00abVAMOS A SEGUIR DEFENDIENDO LA ESCUELA P\u00daBLICA\u00bb"},"content":{"rendered":"\n<p><strong>El intendente de Berazategui, Carlos Balor, visit\u00f3 la Escuela Primaria N\u00b0 37 de la localidad de Villa Espa\u00f1a. All\u00ed recorri\u00f3 la instituci\u00f3n y convers\u00f3 con las docentes.<br><\/strong><br>\u201cVamos a seguir defendiendo a la escuela p\u00fablica como hac\u00eda Juan Jos\u00e9 Mussi. Ese es su legado, \u00e9l nos marc\u00f3 ese camino\u00bb, recalc\u00f3 Balor.<\/p>\n\n\n\n<p>En tanto, la directora de la Escuela Primaria 37, Paola Salvatore, se\u00f1al\u00f3: \u201cEs importante para nosotras haber contado con la presencia del Intendente en la instituci\u00f3n. Entre otras cosas, nos habl\u00f3 de continuar la obra de Juan Jos\u00e9 Mussi, una persona a la que queremos y extra\u00f1amos mucho\u201d.<\/p>\n\n\n\n<p>El encuentro entre Carlos Balor y las docentes se dio en el marco de una jornada de capacitaci\u00f3n, de cara a la vuelta de los ni\u00f1os y ni\u00f1as a las aulas el pr\u00f3ximo lunes 2 de marzo.<\/p>\n","protected":false},"excerpt":{"rendered":"<p>El intendente de Berazategui, Carlos Balor, visit\u00f3 la Escuela Primaria N\u00b0 37 de la localidad&#8230;<\/p>\n","protected":false},"author":1,"featured_media":81464,"comment_status":"closed","ping_status":"closed","sticky":false,"template":"","format":"standard","meta":{"footnotes":""},"categories":[35],"tags":[],"class_list":["post-81463","post","type-post","status-publish","format-standard","has-post-thumbnail","hentry","category-politica"],"_links":{"self":[{"href":"https:\/\/conurbanodiario.com.ar\/index.php?rest_route=\/wp\/v2\/posts\/81463","targetHints":{"allow":["GET"]}}],"collection":[{"href":"https:\/\/conurbanodiario.com.ar\/index.php?rest_route=\/wp\/v2\/posts"}],"about":[{"href":"https:\/\/conurbanodiario.com.ar\/index.php?rest_route=\/wp\/v2\/types\/post"}],"author":[{"embeddable":true,"href":"https:\/\/conurbanodiario.com.ar\/index.php?rest_route=\/wp\/v2\/users\/1"}],"replies":[{"embeddable":true,"href":"https:\/\/conurbanodiario.com.ar\/index.php?rest_route=%2Fwp%2Fv2%2Fcomments&post=81463"}],"version-history":[{"count":2,"href":"https:\/\/conurbanodiario.com.ar\/index.php?rest_route=\/wp\/v2\/posts\/81463\/revisions"}],"predecessor-version":[{"id":81466,"href":"https:\/\/conurbanodiario.com.ar\/index.php?rest_route=\/wp\/v2\/posts\/81463\/revisions\/81466"}],"wp:featuredmedia":[{"embeddable":true,"href":"https:\/\/conurbanodiario.com.ar\/index.php?rest_route=\/wp\/v2\/media\/81464"}],"wp:attachment":[{"href":"https:\/\/conurbanodiario.com.ar\/index.php?rest_route=%2Fwp%2Fv2%2Fmedia&parent=81463"}],"wp:term":[{"taxonomy":"category","embeddable":true,"href":"https:\/\/conurbanodiario.com.ar\/index.php?rest_route=%2Fwp%2Fv2%2Fcategories&post=81463"},{"taxonomy":"post_tag","embeddable":true,"href":"https:\/\/conurbanodiario.com.ar\/index.php?rest_route=%2Fwp%2Fv2%2Ftags&post=81463"}],"curies":[{"name":"wp","href":"https:\/\/api.w.org\/{rel}","templated":true}]}}