{"id":81434,"date":"2026-02-13T20:25:59","date_gmt":"2026-02-13T23:25:59","guid":{"rendered":"https:\/\/conurbanodiario.com.ar\/?p=81434"},"modified":"2026-02-13T20:33:54","modified_gmt":"2026-02-13T23:33:54","slug":"la-canasta-escolar-sube-428-y-supera-los-230-000-en-caba","status":"publish","type":"post","link":"https:\/\/conurbanodiario.com.ar\/?p=81434","title":{"rendered":"LA CANASTA ESCOLAR SUBE 42,8% Y SUPERA LOS $230.000 EN CABA"},"content":{"rendered":"\n<p>El inicio del ciclo lectivo vuelve a reflejar el impacto de los precios en la econom\u00eda familiar. En la previa a la vuelta a clases, la canasta escolar en la Ciudad de Buenos Aires registr\u00f3 un incremento interanual del 42,82% en \u00fatiles.<\/p>\n\n\n\n<p>Seg\u00fan se supo, los datos fueron relevados por Consumidores Libres. Con estos aumentos, equipar a un estudiante con los art\u00edculos b\u00e1sicos de librer\u00eda e indumentaria demanda alrededor de $240.060, consolidando a marzo como uno de los meses de mayor presi\u00f3n estacional sobre el gasto de los hogares argentinos.<\/p>\n\n\n\n<p>Si bien&nbsp;la canasta escolar incluye calzado e indumentaria, el rubro que m\u00e1s ejerce presi\u00f3n sobre los bolsillos de los consumidores son los \u00fatiles escolares, rompiendo el esquema presupuestario de las familias porte\u00f1as.<\/p>\n\n\n\n<h2 class=\"wp-block-heading\">Consumidores Libres<\/h2>\n\n\n\n<p>En el relevamiento, el informe se hizo sobre 33 productos de librer\u00edas en supermercados y comercios de la Ciudad Aut\u00f3noma de Buenos Aires.<\/p>\n\n\n\n<p>En relaci\u00f3n con los precios, los \u00fatiles pasaron de costar $91.063 en 2025 a $130.060 en 2026, marcando una clara suba que, en promedio, eleva la inversi\u00f3n un 42,82% interanual.<\/p>\n\n\n\n<p>En este contexto, el dato no solo supera varias de las estimaciones privadas de inflaci\u00f3n del per\u00edodo, sino que vuelve a ubicar a la canasta escolar como uno de los componentes que m\u00e1s incide en el \u00cdndice de Precios al Consumidor (IPC) de marzo.<\/p>\n\n\n\n<h2 class=\"wp-block-heading\">Los productos que m\u00e1s subieron<\/h2>\n\n\n\n<p>Cuadernos, cinta adhesiva, resaltadores, l\u00e1pices y carpetas, entre otros, son los productos que m\u00e1s incrementaron su precio.<\/p>\n\n\n\n<p>Algunos ejemplos de precios por \u00fatiles son:<\/p>\n\n\n\n<p>Cuaderno de 48 hojas marca Gloria: Subi\u00f3 186,67%. Pas\u00f3 de costar $1.350 a $3.870.<\/p>\n\n\n\n<p>Cinta adhesiva por 30 mts: Aument\u00f3 97,48% y de $1.190 se fue a $2.350.<\/p>\n\n\n\n<p>Resaltador Pelikan\/BIC: Elev\u00f3 el porcentaje en 91,41% y de $1.280 ahora sale $2.450.<\/p>\n\n\n\n<p>L\u00e1piz corrector Sylbapen: Con el 89,66% pas\u00f3 de $1.450 a $2.750.<\/p>\n\n\n\n<p>Comp\u00e1s pl\u00e1stico Paper Mate: El aumento porcentual se ubica en 88%, pasando de costar $1.250 a $2.350.<\/p>\n\n\n\n<p>Carpeta negra N\u00b03: Su incremento porcentual fue de 85,71%.<\/p>\n\n\n\n<p>Sacapuntas met\u00e1lico Maped: La suba roz\u00f3 el 80%, elevando su costo en 78,57%.<\/p>\n\n\n\n<p>Resma de hojas y mochilas tambi\u00e9n inflan el presupuesto familiar para el inicio de clases con subas significativas en, por ejemplo, el block A4 que aument\u00f3 55,56%, el block oficio en m\u00e1s del 58,54%, el adhesivo vin\u00edlico de 250 gramos en m\u00e1s del 59,42%, al igual que la goma econ\u00f3mica que se fue a m\u00e1s del 60% y las fibras en estuches de seis unidades a m\u00e1s del 65,91%.<\/p>\n\n\n\n<p>En cuanto a mochilas, la brecha se ampl\u00eda en demas\u00eda, ya que los precios van desde $20.000 hasta $180.000, seg\u00fan marca, tama\u00f1o y dise\u00f1o.<\/p>\n\n\n\n<p>Por otro lado, la indumentaria escolar tambi\u00e9n sufri\u00f3 aumentos, pero m\u00e1s moderados.<\/p>\n\n\n\n<p>En el caso de la indumentaria, el estudio de Consumidores Libres incluy\u00f3 a cuatro art\u00edculos esenciales. Antes de entrar en detalles, en este caso el monto pas\u00f3 de $96.000 en 2025 a $110.000 en 2026, representando una suba del 14,58%, por debajo del aumento en \u00fatiles.<\/p>\n\n\n\n<h2 class=\"wp-block-heading\">Precios y comparativa<\/h2>\n\n\n\n<p>Guardapolvo talle 10: Subi\u00f3 m\u00e1s del 6,06%.<\/p>\n\n\n\n<p>Guardapolvo tela: Elev\u00f3 su valor en m\u00e1s del 7,41%.<\/p>\n\n\n\n<p>Zapatillas blancas de lona talle 20 al 26: El precio se increment\u00f3 en m\u00e1s del 32,26%.<\/p>\n\n\n\n<p>Zapatillas blancas de lona talle 29 al 38: Subieron menos, pero alcanzaron el 24,39%.<\/p>\n\n\n\n<p>En este rubro, las zapatillas concentran el mayor ajuste, con incrementos que superan el promedio de la indumentaria.<\/p>\n\n\n\n<h2 class=\"wp-block-heading\">N\u00fameros finales<\/h2>\n\n\n\n<p>Al sumar \u00fatiles e indumentaria, el costo total b\u00e1sico asciende a $240.060, en promedio, para iniciar el a\u00f1o. En hogares con m\u00e1s de un hijo en edad escolar, el impacto se multiplica y obliga a planificar compras, comparar m\u00e1s precios y aprovechar promociones.<\/p>\n\n\n\n<p>De esta forma, en un contexto de ingresos que a\u00fan se recomponen de forma desigual, la canasta escolar vuelve a posicionarse como un indicador sensible de la econom\u00eda cotidiana y la suba del 42,8% en \u00fatiles marca el pulso del consumo en la antesala de un nuevo ciclo lectivo en la ciudad. <\/p>\n","protected":false},"excerpt":{"rendered":"<p>El inicio del ciclo lectivo vuelve a reflejar el impacto de los precios en la&#8230;<\/p>\n","protected":false},"author":1,"featured_media":81435,"comment_status":"closed","ping_status":"closed","sticky":false,"template":"","format":"standard","meta":{"footnotes":""},"categories":[5],"tags":[],"class_list":["post-81434","post","type-post","status-publish","format-standard","has-post-thumbnail","hentry","category-el-pais"],"_links":{"self":[{"href":"https:\/\/conurbanodiario.com.ar\/index.php?rest_route=\/wp\/v2\/posts\/81434","targetHints":{"allow":["GET"]}}],"collection":[{"href":"https:\/\/conurbanodiario.com.ar\/index.php?rest_route=\/wp\/v2\/posts"}],"about":[{"href":"https:\/\/conurbanodiario.com.ar\/index.php?rest_route=\/wp\/v2\/types\/post"}],"author":[{"embeddable":true,"href":"https:\/\/conurbanodiario.com.ar\/index.php?rest_route=\/wp\/v2\/users\/1"}],"replies":[{"embeddable":true,"href":"https:\/\/conurbanodiario.com.ar\/index.php?rest_route=%2Fwp%2Fv2%2Fcomments&post=81434"}],"version-history":[{"count":1,"href":"https:\/\/conurbanodiario.com.ar\/index.php?rest_route=\/wp\/v2\/posts\/81434\/revisions"}],"predecessor-version":[{"id":81436,"href":"https:\/\/conurbanodiario.com.ar\/index.php?rest_route=\/wp\/v2\/posts\/81434\/revisions\/81436"}],"wp:featuredmedia":[{"embeddable":true,"href":"https:\/\/conurbanodiario.com.ar\/index.php?rest_route=\/wp\/v2\/media\/81435"}],"wp:attachment":[{"href":"https:\/\/conurbanodiario.com.ar\/index.php?rest_route=%2Fwp%2Fv2%2Fmedia&parent=81434"}],"wp:term":[{"taxonomy":"category","embeddable":true,"href":"https:\/\/conurbanodiario.com.ar\/index.php?rest_route=%2Fwp%2Fv2%2Fcategories&post=81434"},{"taxonomy":"post_tag","embeddable":true,"href":"https:\/\/conurbanodiario.com.ar\/index.php?rest_route=%2Fwp%2Fv2%2Ftags&post=81434"}],"curies":[{"name":"wp","href":"https:\/\/api.w.org\/{rel}","templated":true}]}}