{"id":81421,"date":"2026-02-11T20:14:40","date_gmt":"2026-02-11T23:14:40","guid":{"rendered":"https:\/\/conurbanodiario.com.ar\/?p=81421"},"modified":"2026-02-11T20:15:45","modified_gmt":"2026-02-11T23:15:45","slug":"kicillof-participo-de-la-marcha-contra-la-reforma-laboral-estan-en-juego-los-derechos-de-los-trabajadores","status":"publish","type":"post","link":"https:\/\/conurbanodiario.com.ar\/?p=81421","title":{"rendered":"KICILLOF PARTICIP\u00d3 DE LA MARCHA CONTRA LA REFORMA LABORAL: \u00abEST\u00c1N EN JUEGO LOS DERECHOS DE LOS TRABAJADORES\u00bb"},"content":{"rendered":"\n<p>El gobernador bonaerense, Axel Kicillof, particip\u00f3 este mi\u00e9rcoles de la marcha en las inmediaciones del Congreso en rechazo al proyecto de reforma laboral que impulsa el Gobierno nacional y que se trataba en el recinto del Senado.<\/p>\n\n\n\n<p>\u201cEstamos rodeados de una multitud que est\u00e1 haciendo lo que hay que hacer: manifestarse para expresar que est\u00e1n en juego los derechos de los trabajadores\u201d, expres\u00f3 Kicillof.<\/p>\n\n\n\n<p>Durante la movilizaci\u00f3n, el gobernador bonaerense estuvo acompa\u00f1ado por integrantes del Gabinete provincial, intendentes y militantes del Movimiento Derecho al Futuro.<\/p>\n\n\n\n<p>\u201cEs mentira que esta sea una ley que ayude a los trabajadores informales y a los que est\u00e1n en peores condiciones. Es el mismo proyecto de Mart\u00ednez de Hoz\u00bb, lanz\u00f3 el ex ministro de Econom\u00eda.<\/p>\n\n\n\n<p>Para Kicillof, \u00absi se ponen en juego las indemnizaciones, las horas extras y las vacaciones, es decir, todo lo que se fue construyendo a lo largo del tiempo, no va a mejorar la situaci\u00f3n de ning\u00fan trabajador\u201d.<\/p>\n\n\n\n<p>\u00abQuienes promueven esta ley nos dicen que el problema de nuestro pa\u00eds es que es muy caro despedir trabajadores. Deber\u00edan explic\u00e1rselo a los 296 mil despedidos en los \u00faltimos dos a\u00f1os por responsabilidad de Javier Milei\u00bb, sostuvo el gobernador.<\/p>\n\n\n\n<p>Seg\u00fan el mandatario bonaerense, \u00ablos despidos, las suspensiones, la p\u00e9rdida de empleo y del salario no est\u00e1n vinculados a las leyes laborales, sino a la pol\u00edtica econ\u00f3mica del Gobierno nacional\u00bb.<\/p>\n\n\n\n<p>\u201cLa evidencia y la experiencia, tanto internacional como la de nuestro pa\u00eds, demuestran que la legislaci\u00f3n laboral no crea ni destruye empleo. De hecho, en el momento que m\u00e1s empleo se cre\u00f3 en la Argentina despu\u00e9s de la crisis de 2001, con los gobiernos de N\u00e9stor y Cristina, el ciclo empez\u00f3 con doble indemnizaci\u00f3n y ning\u00fan empleador tuvo miedo de contratar\u201d, record\u00f3.<\/p>\n\n\n\n<p>Kicillof advirti\u00f3 que \u201chay mucho enga\u00f1o\u201d en la discusi\u00f3n sobre la reforma laboral: \u201cHan dicho que si se aprueba la ley los trabajadores podr\u00e1n hablar con sus patrones y ser libres de tomarse vacaciones cuando m\u00e1s lo deseen\u201d.<\/p>\n\n\n\n<p>\u201cSon unos estafadores: en una relaci\u00f3n asim\u00e9trica, el que va a decidir es el empleador, que es el que tiene m\u00e1s fuerza. Vienen a desordenar la vida de muchas familias: los padres van a tener que estar laburando mientras sus hijos est\u00e9n de vacaciones\u201d, vaticin\u00f3.<\/p>\n","protected":false},"excerpt":{"rendered":"<p>El gobernador bonaerense, Axel Kicillof, particip\u00f3 este mi\u00e9rcoles de la marcha en las inmediaciones del&#8230;<\/p>\n","protected":false},"author":1,"featured_media":81422,"comment_status":"closed","ping_status":"closed","sticky":false,"template":"","format":"standard","meta":{"footnotes":""},"categories":[35],"tags":[],"class_list":["post-81421","post","type-post","status-publish","format-standard","has-post-thumbnail","hentry","category-politica"],"_links":{"self":[{"href":"https:\/\/conurbanodiario.com.ar\/index.php?rest_route=\/wp\/v2\/posts\/81421","targetHints":{"allow":["GET"]}}],"collection":[{"href":"https:\/\/conurbanodiario.com.ar\/index.php?rest_route=\/wp\/v2\/posts"}],"about":[{"href":"https:\/\/conurbanodiario.com.ar\/index.php?rest_route=\/wp\/v2\/types\/post"}],"author":[{"embeddable":true,"href":"https:\/\/conurbanodiario.com.ar\/index.php?rest_route=\/wp\/v2\/users\/1"}],"replies":[{"embeddable":true,"href":"https:\/\/conurbanodiario.com.ar\/index.php?rest_route=%2Fwp%2Fv2%2Fcomments&post=81421"}],"version-history":[{"count":2,"href":"https:\/\/conurbanodiario.com.ar\/index.php?rest_route=\/wp\/v2\/posts\/81421\/revisions"}],"predecessor-version":[{"id":81424,"href":"https:\/\/conurbanodiario.com.ar\/index.php?rest_route=\/wp\/v2\/posts\/81421\/revisions\/81424"}],"wp:featuredmedia":[{"embeddable":true,"href":"https:\/\/conurbanodiario.com.ar\/index.php?rest_route=\/wp\/v2\/media\/81422"}],"wp:attachment":[{"href":"https:\/\/conurbanodiario.com.ar\/index.php?rest_route=%2Fwp%2Fv2%2Fmedia&parent=81421"}],"wp:term":[{"taxonomy":"category","embeddable":true,"href":"https:\/\/conurbanodiario.com.ar\/index.php?rest_route=%2Fwp%2Fv2%2Fcategories&post=81421"},{"taxonomy":"post_tag","embeddable":true,"href":"https:\/\/conurbanodiario.com.ar\/index.php?rest_route=%2Fwp%2Fv2%2Ftags&post=81421"}],"curies":[{"name":"wp","href":"https:\/\/api.w.org\/{rel}","templated":true}]}}