{"id":81418,"date":"2026-02-11T19:40:45","date_gmt":"2026-02-11T22:40:45","guid":{"rendered":"https:\/\/conurbanodiario.com.ar\/?p=81418"},"modified":"2026-02-11T19:40:47","modified_gmt":"2026-02-11T22:40:47","slug":"tolosa-paz-sobre-el-regimen-penal-juvenil-es-un-mamarracho-que-esta-a-la-derecha-de-la-derecha","status":"publish","type":"post","link":"https:\/\/conurbanodiario.com.ar\/?p=81418","title":{"rendered":"TOLOSA PAZ, SOBRE EL R\u00c9GIMEN PENAL JUVENIL: \u00abES UN MAMARRACHO QUE EST\u00c1 A LA DERECHA DE LA DERECHA\u00bb"},"content":{"rendered":"\n<p>La diputada nacional de Uni\u00f3n por la Patria Victoria Tolosa Paz reconoci\u00f3 que el r\u00e9gimen penal de minoridad en Argentina \u201ces vetusto\u201d y \u201catrasa 100 a\u00f1os\u201d, pero critic\u00f3 el proyecto del Gobierno por estar \u201ca la derecha de la derecha\u201d, y acus\u00f3 al oficialismo de \u201ctener una fijaci\u00f3n con la pena y el castigo\u201d.<\/p>\n\n\n\n<p>Al tomar la palabra en el plenario de comisiones donde se debate la iniciativa, la ex ministra de Desarrollo Social cuestion\u00f3 \u201cla liviandad\u201d con la que el oficialismo est\u00e1 tratando \u201cun tema tan trascendental\u201d, en alusi\u00f3n a la err\u00e1tica estrategia que tuvo el Gobierno respecto de la versi\u00f3n final del proyecto.<\/p>\n\n\n\n<p>Tolosa Paz admiti\u00f3: \u201cHace 45 a\u00f1os que le debemos al pueblo argentino un r\u00e9gimen penal juvenil serio acorde a la Convenci\u00f3n Internacional de los Derechos de los Ni\u00f1os, Ni\u00f1as y Adolescentes, acorde al marco normativo que es la Constituci\u00f3n Nacional, en funci\u00f3n de las observaciones que hace el Comit\u00e9 del Ni\u00f1o en la Argentina\u201d.<\/p>\n\n\n\n<p>\u201cLo pide a gritos la sociedad, la Justicia, las victimas y ni\u00f1os, ni\u00f1as y adolescentes que sin un buen r\u00e9gimen penal juvenil se los trata por delincuentes ,a partir de esa frase tan marketinera de Patricia Bullrich que \u2018a igual delito, igual pena\u2019, olvid\u00e1ndose de uno de los principios constitucionales de la Argentina que es el derecho superior del ni\u00f1o\u201d, recalc\u00f3.<\/p>\n\n\n\n<p>En ese sentido, asumi\u00f3 la responsabilidad del conjunto de la dirigencia pol\u00edtica \u201cde no haber podido mejorar un r\u00e9gimen que es vetusto, que es inconstitucional, que atrasa 100 a\u00f1os\u201d, pero advirti\u00f3 que \u201cno puede ser reemplazado por algo que va a la derecha de la derecha de lo p\u00e9simo que fue ese proceso de la dictadura c\u00edvico militar\u201d.<\/p>\n\n\n\n<p>\u201cUstedes tienen una fijaci\u00f3n que es la pena y el castigo, no importa la edad ni las condiciones\u201d, fustig\u00f3 Tolosa Paz, y advirti\u00f3 que \u201cma\u00f1ana van a tener un delito grave o grav\u00edsimo con un menor de 13 a\u00f1os\u201d.<\/p>\n\n\n\n<p>La diputada opositora ratific\u00f3 que Uni\u00f3n por la Patria presentar\u00e1 un dictamen propio, muy diferente al \u201cmamarracho que propone el Poder Ejecutivo\u201d.<\/p>\n\n\n\n<p>\u201cNos queremos hacer cargo de la no punibilidad\u201d, sostuvo, y se\u00f1al\u00f3 que el r\u00e9gimen penal juvenil que propone el peronismo se basa en la \u201cespecificidad\u201d, en la \u201cproporcionalidad en la pena\u201d, con \u201cdispositivos que permitan aplicar la justicia restaurativa y la reinserci\u00f3n\u201d.<\/p>\n","protected":false},"excerpt":{"rendered":"<p>La diputada nacional de Uni\u00f3n por la Patria Victoria Tolosa Paz reconoci\u00f3 que el r\u00e9gimen&#8230;<\/p>\n","protected":false},"author":1,"featured_media":81419,"comment_status":"closed","ping_status":"closed","sticky":false,"template":"","format":"standard","meta":{"footnotes":""},"categories":[5],"tags":[],"class_list":["post-81418","post","type-post","status-publish","format-standard","has-post-thumbnail","hentry","category-el-pais"],"_links":{"self":[{"href":"https:\/\/conurbanodiario.com.ar\/index.php?rest_route=\/wp\/v2\/posts\/81418","targetHints":{"allow":["GET"]}}],"collection":[{"href":"https:\/\/conurbanodiario.com.ar\/index.php?rest_route=\/wp\/v2\/posts"}],"about":[{"href":"https:\/\/conurbanodiario.com.ar\/index.php?rest_route=\/wp\/v2\/types\/post"}],"author":[{"embeddable":true,"href":"https:\/\/conurbanodiario.com.ar\/index.php?rest_route=\/wp\/v2\/users\/1"}],"replies":[{"embeddable":true,"href":"https:\/\/conurbanodiario.com.ar\/index.php?rest_route=%2Fwp%2Fv2%2Fcomments&post=81418"}],"version-history":[{"count":1,"href":"https:\/\/conurbanodiario.com.ar\/index.php?rest_route=\/wp\/v2\/posts\/81418\/revisions"}],"predecessor-version":[{"id":81420,"href":"https:\/\/conurbanodiario.com.ar\/index.php?rest_route=\/wp\/v2\/posts\/81418\/revisions\/81420"}],"wp:featuredmedia":[{"embeddable":true,"href":"https:\/\/conurbanodiario.com.ar\/index.php?rest_route=\/wp\/v2\/media\/81419"}],"wp:attachment":[{"href":"https:\/\/conurbanodiario.com.ar\/index.php?rest_route=%2Fwp%2Fv2%2Fmedia&parent=81418"}],"wp:term":[{"taxonomy":"category","embeddable":true,"href":"https:\/\/conurbanodiario.com.ar\/index.php?rest_route=%2Fwp%2Fv2%2Fcategories&post=81418"},{"taxonomy":"post_tag","embeddable":true,"href":"https:\/\/conurbanodiario.com.ar\/index.php?rest_route=%2Fwp%2Fv2%2Ftags&post=81418"}],"curies":[{"name":"wp","href":"https:\/\/api.w.org\/{rel}","templated":true}]}}