{"id":81412,"date":"2026-02-11T15:27:38","date_gmt":"2026-02-11T18:27:38","guid":{"rendered":"https:\/\/conurbanodiario.com.ar\/?p=81412"},"modified":"2026-02-11T15:27:39","modified_gmt":"2026-02-11T18:27:39","slug":"kicillof-la-reforma-laboral-es-una-burla-que-iguala-para-abajo-y-no-generara-empleo","status":"publish","type":"post","link":"https:\/\/conurbanodiario.com.ar\/?p=81412","title":{"rendered":"KICILLOF: \u00abLA REFORMA LABORAL ES UNA BURLA QUE IGUALA PARA ABAJO Y NO GENERAR\u00c1 EMPLEO\u00bb"},"content":{"rendered":"\n<p>El gobernador bonaerense, Axel Kicillof, afirm\u00f3 este mi\u00e9rcoles que la reforma laboral que impulsa el Gobierno nacional \u201ces una burla\u201d porque implica \u201cigualar para abajo\u201d llevando a quienes hoy tienen derechos al nivel de quienes no los tienen.<\/p>\n\n\n\n<p>\u201cLlamar modernizaci\u00f3n a esto es una burla, porque lo que se busca no es mejorar a los que est\u00e1n por abajo\u201d de la pir\u00e1mide social, sin derechos laborales, \u201csino bajar a los que est\u00e1n por arriba, quit\u00e1ndoles beneficios\u201d algo que \u201cno va a generar empleos\u201d.<\/p>\n\n\n\n<p>Para Kicillof, flamante titular del PJ bonaerense, la iniciativa que intentar\u00e1 aprobar hoy el oficialismo en el Senado Nacional \u201ces el proyecto que se plante\u00f3 la dictadura y no se pudo hacer entonces ni en democracia\u201d.<\/p>\n\n\n\n<p>\u201cEst\u00e1 demostrado que las leyes de flexibilizaci\u00f3n laboral no crean empleo y esta es una ley al estilo de los \u201890, que ya vimos mil veces, y esto nunca termin\u00f3 el ciclo de empleo y desempleo en la Argentina\u201d, a\u00f1adi\u00f3.<\/p>\n\n\n\n<p>Consider\u00f3 que el proyecto del Gobierno se elabor\u00f3 \u201cbajo la falsa premisa de que no hay contrataciones porque es dif\u00edcil despedir\u00bb. \u00abEntonces facilitan y abaratan los despidos. Pero facilitar despidos no genera empleo porque tenemos un programa econ\u00f3mico horrible\u201d, enfatiz\u00f3.<\/p>\n\n\n\n<p>Recalc\u00f3 seguidamente que desde la llegada de Javier Milei al Gobierno hubo \u00ab270.000 despidos, y es con las leyes de hoy, entonces de qu\u00e9 carajo est\u00e1n hablando, no tiene nada que ver con la realidad\u201d, dijo en declaraciones a El Destape.<\/p>\n\n\n\n<p>Kicillof, sin embargo, acept\u00f3 que se debe modernizar las leyes laborales para \u201clas nuevas modalidades, como los trabajadores de las plataformas\u201d que est\u00e1n \u201csometidos a reg\u00edmenes sin derechos\u201d.<\/p>\n\n\n\n<p>\u201cTerminan trabajando 12 horas y no cobran ni un salario m\u00ednimo. Tienen accidentes y no lo cubre nadie\u201d, manifest\u00f3.<\/p>\n\n\n\n<p>Por otra parte, el mandatario bonaerense cuestion\u00f3 tambi\u00e9n que exista un exceso de judicializaci\u00f3n entre empleadores y trabajadores por casos de despidos, como argumentan desde el oficialismo los impulsores de la reforma.<\/p>\n\n\n\n<p>\u201cHablan de industria del juicio, pero cuando uno mira las estad\u00edsticas, comparado con la cantidad de trabajadores y los despidos actuales no tenemos gran judicializaci\u00f3n\u201d, afirm\u00f3.<\/p>\n\n\n\n<p>Record\u00f3 que durante la pandemia se implemento una medida de sentido contrario a la reforma que se propicia ahora, con la incorporaci\u00f3n de una doble indemnizaci\u00f3n para despidos sin causa. \u201cFue una de las \u00e9pocas que m\u00e1s empleo se cre\u00f3\u201d, ironiz\u00f3.<\/p>\n","protected":false},"excerpt":{"rendered":"<p>El gobernador bonaerense, Axel Kicillof, afirm\u00f3 este mi\u00e9rcoles que la reforma laboral que impulsa el&#8230;<\/p>\n","protected":false},"author":1,"featured_media":81413,"comment_status":"closed","ping_status":"closed","sticky":false,"template":"","format":"standard","meta":{"footnotes":""},"categories":[35],"tags":[],"class_list":["post-81412","post","type-post","status-publish","format-standard","has-post-thumbnail","hentry","category-politica"],"_links":{"self":[{"href":"https:\/\/conurbanodiario.com.ar\/index.php?rest_route=\/wp\/v2\/posts\/81412","targetHints":{"allow":["GET"]}}],"collection":[{"href":"https:\/\/conurbanodiario.com.ar\/index.php?rest_route=\/wp\/v2\/posts"}],"about":[{"href":"https:\/\/conurbanodiario.com.ar\/index.php?rest_route=\/wp\/v2\/types\/post"}],"author":[{"embeddable":true,"href":"https:\/\/conurbanodiario.com.ar\/index.php?rest_route=\/wp\/v2\/users\/1"}],"replies":[{"embeddable":true,"href":"https:\/\/conurbanodiario.com.ar\/index.php?rest_route=%2Fwp%2Fv2%2Fcomments&post=81412"}],"version-history":[{"count":1,"href":"https:\/\/conurbanodiario.com.ar\/index.php?rest_route=\/wp\/v2\/posts\/81412\/revisions"}],"predecessor-version":[{"id":81414,"href":"https:\/\/conurbanodiario.com.ar\/index.php?rest_route=\/wp\/v2\/posts\/81412\/revisions\/81414"}],"wp:featuredmedia":[{"embeddable":true,"href":"https:\/\/conurbanodiario.com.ar\/index.php?rest_route=\/wp\/v2\/media\/81413"}],"wp:attachment":[{"href":"https:\/\/conurbanodiario.com.ar\/index.php?rest_route=%2Fwp%2Fv2%2Fmedia&parent=81412"}],"wp:term":[{"taxonomy":"category","embeddable":true,"href":"https:\/\/conurbanodiario.com.ar\/index.php?rest_route=%2Fwp%2Fv2%2Fcategories&post=81412"},{"taxonomy":"post_tag","embeddable":true,"href":"https:\/\/conurbanodiario.com.ar\/index.php?rest_route=%2Fwp%2Fv2%2Ftags&post=81412"}],"curies":[{"name":"wp","href":"https:\/\/api.w.org\/{rel}","templated":true}]}}