{"id":81406,"date":"2026-02-11T12:33:51","date_gmt":"2026-02-11T15:33:51","guid":{"rendered":"https:\/\/conurbanodiario.com.ar\/?p=81406"},"modified":"2026-02-11T12:33:52","modified_gmt":"2026-02-11T15:33:52","slug":"rutas-lanzan-licitacion-para-concesionar-otros-2-500-kilometros","status":"publish","type":"post","link":"https:\/\/conurbanodiario.com.ar\/?p=81406","title":{"rendered":"RUTAS: LANZAN LICITACI\u00d3N PARA CONCESIONAR OTROS 2.500 KIL\u00d3METROS"},"content":{"rendered":"\n<p>El Gobierno nacional llam\u00f3 a licitaci\u00f3n p\u00fablica para concesionar otros 2.500 kil\u00f3metros de rutas nacionales, avanzando con el proceso de privatizaci\u00f3n, mediante la Resoluci\u00f3n 112\/2026 publicada este mi\u00e9rcoles en el Bolet\u00edn Oficial.<\/p>\n\n\n\n<p>La convocatoria a participar de la licitaci\u00f3n est\u00e1 dirigida a empresas nacionales e internacionales que busquen ocuparse de la construcci\u00f3n, explotaci\u00f3n, administraci\u00f3n, reparaci\u00f3n, ampliaci\u00f3n, conservaci\u00f3n, mantenimiento, prestaci\u00f3n de servicios al usuario y la realizaci\u00f3n de nuevas explotaciones complementarias o colaterales que permitan obtener ingresos adicionales bajo el r\u00e9gimen de concesi\u00f3n de obra p\u00fablica por peaje.<\/p>\n\n\n\n<p>Los caminos viales que se van a concesionar est\u00e1n agrupados en los Tramos Mediterr\u00e1neo, Puntano, Portuario Sur y Portuario Norte de la \u201cRed Federal de Concesiones &#8211; Etapa II-B\u201d, que incluyen m\u00e1s de 2.500 kil\u00f3metros de rutas clave en las provincias de Buenos Aires, La Pampa, Santa Fe, C\u00f3rdoba y San Luis.<\/p>\n\n\n\n<p>La licitaci\u00f3n estar\u00e1 dividida en cuatro tramos:<\/p>\n\n\n\n<p>Mediterr\u00e1neo: de 672 km, que conecta el centro productivo del pa\u00eds, mejorando la log\u00edstica y la competitividad regional.<br>Puntano: de 720 km, un corredor clave para la integraci\u00f3n entre provincias y el transporte de cargas de larga distancia.<br>Portuario Sur: de 637 km, que vincula los accesos estrat\u00e9gicos a puertos y nodos log\u00edsticos, fundamentales para exportaciones y econom\u00edas regionales.<br>Portuario Norte: de 528 km, que mejora la conectividad con los principales polos industriales y portuarios del centro del pa\u00eds.<br>El llamado a licitaci\u00f3n hab\u00eda sido anticipado por el ministro de Econom\u00eda, Luis Caputo, mediante su cuenta oficial de X en la que precis\u00f3 que el Ejecutivo anunciar\u00eda formalmente este mi\u00e9rcoles la convocatoria.<\/p>\n\n\n\n<p>Al destacar los nuevos tramos a concesionar, el titular de la cartera econ\u00f3mica sostuvo que \u201cestas obras, que se desarrollar\u00e1n en las rutas nacionales 7, 8, 9, 12, 33, 35, 36, 188, 193, A005 y A008, son parte de un esquema que reemplaza un modelo deficitario por uno sin subsidios, con m\u00e1s transparencia, competencia y eficiencia en la gesti\u00f3n vial\u201d.<\/p>\n\n\n\n<p>En este sentido, remarc\u00f3 que \u201cseguimos trabajando para tener una infraestructura vial m\u00e1s moderna y mejores rutas, alentando a la inversi\u00f3n privada y cuidando al mismo tiempo los recursos de los argentinos\u201d.<\/p>\n\n\n\n<p>Las empresas interesadas podr\u00e1n presentar sus ofertas en la plataforma CONTRAT.AR hasta el 7 de mayo de 2026 a las 12.00 horas, mientras que el mismo d\u00eda se llevar\u00e1 a cabo la apertura de ofertas por el mismo sitio.<\/p>\n","protected":false},"excerpt":{"rendered":"<p>El Gobierno nacional llam\u00f3 a licitaci\u00f3n p\u00fablica para concesionar otros 2.500 kil\u00f3metros de rutas nacionales,&#8230;<\/p>\n","protected":false},"author":1,"featured_media":81407,"comment_status":"closed","ping_status":"closed","sticky":false,"template":"","format":"standard","meta":{"footnotes":""},"categories":[5],"tags":[],"class_list":["post-81406","post","type-post","status-publish","format-standard","has-post-thumbnail","hentry","category-el-pais"],"_links":{"self":[{"href":"https:\/\/conurbanodiario.com.ar\/index.php?rest_route=\/wp\/v2\/posts\/81406","targetHints":{"allow":["GET"]}}],"collection":[{"href":"https:\/\/conurbanodiario.com.ar\/index.php?rest_route=\/wp\/v2\/posts"}],"about":[{"href":"https:\/\/conurbanodiario.com.ar\/index.php?rest_route=\/wp\/v2\/types\/post"}],"author":[{"embeddable":true,"href":"https:\/\/conurbanodiario.com.ar\/index.php?rest_route=\/wp\/v2\/users\/1"}],"replies":[{"embeddable":true,"href":"https:\/\/conurbanodiario.com.ar\/index.php?rest_route=%2Fwp%2Fv2%2Fcomments&post=81406"}],"version-history":[{"count":1,"href":"https:\/\/conurbanodiario.com.ar\/index.php?rest_route=\/wp\/v2\/posts\/81406\/revisions"}],"predecessor-version":[{"id":81408,"href":"https:\/\/conurbanodiario.com.ar\/index.php?rest_route=\/wp\/v2\/posts\/81406\/revisions\/81408"}],"wp:featuredmedia":[{"embeddable":true,"href":"https:\/\/conurbanodiario.com.ar\/index.php?rest_route=\/wp\/v2\/media\/81407"}],"wp:attachment":[{"href":"https:\/\/conurbanodiario.com.ar\/index.php?rest_route=%2Fwp%2Fv2%2Fmedia&parent=81406"}],"wp:term":[{"taxonomy":"category","embeddable":true,"href":"https:\/\/conurbanodiario.com.ar\/index.php?rest_route=%2Fwp%2Fv2%2Fcategories&post=81406"},{"taxonomy":"post_tag","embeddable":true,"href":"https:\/\/conurbanodiario.com.ar\/index.php?rest_route=%2Fwp%2Fv2%2Ftags&post=81406"}],"curies":[{"name":"wp","href":"https:\/\/api.w.org\/{rel}","templated":true}]}}