{"id":81394,"date":"2026-02-10T11:54:05","date_gmt":"2026-02-10T14:54:05","guid":{"rendered":"https:\/\/conurbanodiario.com.ar\/?p=81394"},"modified":"2026-02-10T11:54:05","modified_gmt":"2026-02-10T14:54:05","slug":"la-industria-textil-perdio-18-333-empleados-y-sus-precios-bajaron-306-en-el-gobierno-de-javier-milei","status":"publish","type":"post","link":"https:\/\/conurbanodiario.com.ar\/?p=81394","title":{"rendered":"LA INDUSTRIA TEXTIL PERDI\u00d3 18.333 EMPLEADOS Y SUS PRECIOS BAJARON 30,6% EN EL GOBIERNO DE JAVIER MILEI"},"content":{"rendered":"\n<p>Ca\u00edda del consumo, avance de las importaciones y que el Gobierno de Javier Milei le haya soltado la mano sintetizan la profunda crisis que atraviesa la industria textil en los \u00faltimos dos a\u00f1os, de acuerdo con el reciente informe de la consultora Analytica.<\/p>\n\n\n\n<p>El desinter\u00e9s oficial por la suerte que corran los 250 mil empleados de la actividad, con una producci\u00f3n que cay\u00f3 casi 50% interanual en algunos segmentos y una capacidad instalada operando apenas al 29% se manifest\u00f3 en recientes declaraciones de importantes funcionarios libertarios como el ministro de Econom\u00eda Luis Caputo y la senadora ex titular de Seguridad, Patricia Bullrich, quienes se refirieron en forma peyorativa a la industria nacional y ensalzaron la ropa importada, seg\u00fan recogi\u00f3 la Agencia Noticias Argentinas de recientes declaraciones p\u00fablicas de ambos.<\/p>\n\n\n\n<p>La actriz Marixa Balli cuestion\u00f3 a Caputo en redes sociales y calific\u00f3 sus dichos como ofensivos frente a una poblaci\u00f3n que enfrenta dificultades econ\u00f3micas b\u00e1sicas.<\/p>\n\n\n\n<p>Tambi\u00e9n el dise\u00f1ador Benito Fern\u00e1ndez rechaz\u00f3 que se trate a los productores locales como responsables de los altos precios.<\/p>\n\n\n\n<h2 class=\"wp-block-heading\">Aumentos por debajo de la inflaci\u00f3n<\/h2>\n\n\n\n<p>Un informe de la consultora Analytica indica que desde noviembre de 2023 los precios del rubro aumentaron 149,4%, muy por debajo de la inflaci\u00f3n general acumulada (259,4%).<\/p>\n\n\n\n<p>En t\u00e9rminos relativos, la ropa se abarat\u00f3 30,6% frente al promedio de la econom\u00eda y alcanz\u00f3 su nivel m\u00e1s bajo desde 2016.<\/p>\n\n\n\n<p>Aunque representa apenas el 9,9% del \u00edndice de precios al consumidor, el sector contribuy\u00f3 de forma significativa a la desaceleraci\u00f3n inflacionaria, a diferencia de los servicios \u2014menos expuestos a la competencia externa\u2014 que mantuvieron mayor rigidez.<\/p>\n\n\n\n<p>La Federaci\u00f3n de Industrias Textiles Argentinas (FITA) alert\u00f3 que simplificar el debate conduce a diagn\u00f3sticos err\u00f3neos.<\/p>\n\n\n\n<p>Se\u00f1al\u00f3 que las recientes rebajas impositivas y la desburocratizaci\u00f3n beneficiaron principalmente a las importaciones, mientras la producci\u00f3n nacional contin\u00faa bajo una alta presi\u00f3n tributaria, costos energ\u00e9ticos elevados y escaso financiamiento.<\/p>\n\n\n\n<p>\u201cEl problema no es la competitividad, es la competencia fraudulenta\u201d, remarcaron.<\/p>\n\n\n\n<p>La Fundaci\u00f3n Pro Tejer registr\u00f3 el cierre de 558 establecimientos en ese per\u00edodo, una contracci\u00f3n del 9%, con impacto especialmente fuerte en indumentaria y calzado.<\/p>\n\n\n\n<p>Se trata adem\u00e1s de una actividad con altos niveles de informalidad \u2014alrededor del 72% en confecciones\u2014, por lo que la p\u00e9rdida total de puestos ser\u00eda mayor.<\/p>\n\n\n\n<p>Seg\u00fan el reporte de Analytica, la industria textil acumul\u00f3 ca\u00eddas en 10 de los 11 meses de 2025, consolid\u00e1ndose como la actividad m\u00e1s golpeada del \u00cdndice de Producci\u00f3n Industrial (IPI).<\/p>\n\n\n\n<p>En noviembre, la producci\u00f3n textil se ubic\u00f3 31,2% por debajo de diciembre de 2024 y 47,6% menos que en noviembre de 2023.<\/p>\n\n\n\n<h2 class=\"wp-block-heading\">Producci\u00f3n y capacidad instalada<\/h2>\n\n\n\n<p>Analytica estima que en confecciones y calzado est\u00e1 18,5% por debajo de diciembre de 2024 y en productos textiles, 31,2% de merma.<\/p>\n\n\n\n<p>La utilizaci\u00f3n de la capacidad instalada alcanz\u00f3 apenas el 29%, el nivel m\u00e1s bajo de toda la serie hist\u00f3rica, con excepci\u00f3n del per\u00edodo m\u00e1s cr\u00edtico de la pandemia.<\/p>\n\n\n\n<p>Subsectores como el curtido y la fabricaci\u00f3n de art\u00edculos de cuero registraron ca\u00eddas del 44,1%, seguidos por tejidos y acabados textiles (-34,7%) y preparado de fibras (-33,7%).<\/p>\n\n\n\n<p>El salto de las importaciones result\u00f3 letal para las Pymes locales.<\/p>\n\n\n\n<p>En 2025, las compras externas de indumentaria crecieron 97,3% interanual, con un incremento de US$336 millones.<\/p>\n\n\n\n<p>Otros textiles avanzaron 121,2% y el calzado 25,2%.<\/p>\n\n\n\n<p>A esto se sum\u00f3 el auge del comercio v\u00eda courier y plataformas como Shein y Temu, con un crecimiento acumulado del 274,2%.<\/p>\n\n\n\n<p>Como resultado, las importaciones de indumentaria alcanzaron US$681 millones, el valor m\u00e1s alto de toda la serie hist\u00f3rica en t\u00e9rminos reales. <\/p>\n\n\n\n<p>En calzado, el total lleg\u00f3 a US$825 millones, muy cerca del r\u00e9cord de 2017.<\/p>\n","protected":false},"excerpt":{"rendered":"<p>Ca\u00edda del consumo, avance de las importaciones y que el Gobierno de Javier Milei le&#8230;<\/p>\n","protected":false},"author":1,"featured_media":81395,"comment_status":"closed","ping_status":"closed","sticky":false,"template":"","format":"standard","meta":{"footnotes":""},"categories":[5],"tags":[],"class_list":["post-81394","post","type-post","status-publish","format-standard","has-post-thumbnail","hentry","category-el-pais"],"_links":{"self":[{"href":"https:\/\/conurbanodiario.com.ar\/index.php?rest_route=\/wp\/v2\/posts\/81394","targetHints":{"allow":["GET"]}}],"collection":[{"href":"https:\/\/conurbanodiario.com.ar\/index.php?rest_route=\/wp\/v2\/posts"}],"about":[{"href":"https:\/\/conurbanodiario.com.ar\/index.php?rest_route=\/wp\/v2\/types\/post"}],"author":[{"embeddable":true,"href":"https:\/\/conurbanodiario.com.ar\/index.php?rest_route=\/wp\/v2\/users\/1"}],"replies":[{"embeddable":true,"href":"https:\/\/conurbanodiario.com.ar\/index.php?rest_route=%2Fwp%2Fv2%2Fcomments&post=81394"}],"version-history":[{"count":1,"href":"https:\/\/conurbanodiario.com.ar\/index.php?rest_route=\/wp\/v2\/posts\/81394\/revisions"}],"predecessor-version":[{"id":81396,"href":"https:\/\/conurbanodiario.com.ar\/index.php?rest_route=\/wp\/v2\/posts\/81394\/revisions\/81396"}],"wp:featuredmedia":[{"embeddable":true,"href":"https:\/\/conurbanodiario.com.ar\/index.php?rest_route=\/wp\/v2\/media\/81395"}],"wp:attachment":[{"href":"https:\/\/conurbanodiario.com.ar\/index.php?rest_route=%2Fwp%2Fv2%2Fmedia&parent=81394"}],"wp:term":[{"taxonomy":"category","embeddable":true,"href":"https:\/\/conurbanodiario.com.ar\/index.php?rest_route=%2Fwp%2Fv2%2Fcategories&post=81394"},{"taxonomy":"post_tag","embeddable":true,"href":"https:\/\/conurbanodiario.com.ar\/index.php?rest_route=%2Fwp%2Fv2%2Ftags&post=81394"}],"curies":[{"name":"wp","href":"https:\/\/api.w.org\/{rel}","templated":true}]}}