{"id":81321,"date":"2026-02-05T01:01:00","date_gmt":"2026-02-05T04:01:00","guid":{"rendered":"https:\/\/conurbanodiario.com.ar\/?p=81321"},"modified":"2026-02-05T10:13:51","modified_gmt":"2026-02-05T13:13:51","slug":"siguen-los-food-trucks-en-la-costa-de-hudson","status":"publish","type":"post","link":"https:\/\/conurbanodiario.com.ar\/?p=81321","title":{"rendered":"SIGUEN LOS FOOD TRUCKS EN LA COSTA DE HUDSON"},"content":{"rendered":"\n<p>Los food trucks en la Costa de Hudson son un cl\u00e1sico del verano en Berazategui. As\u00ed es como vecinos y vecinas disfrutan del paseo gastron\u00f3mico a pasos del r\u00edo, de lunes a domingo de 12.00 a 00.00.<\/p>\n\n\n\n<p>Esta es una de las tantas propuestas que organiza la Municipalidad de Berazategui, a trav\u00e9s de la Secretar\u00eda de Trabajo. La iniciativa incluye alternativas culinarias para degustar al paso, como s\u00e1ndwiches, hamburguesas, pizzas, empanadas, comida gourmet, crepes, churros, waffles, papas fritas y helados, entre otros.<\/p>\n\n\n\n<p>\u201cVenimos en bicicleta con amigos; nos gusta mucho el lugar. Y cuando llegamos aprovechamos para comer algo. Hoy compramos churros con dulce de leche\u201d, cont\u00f3 Julio G\u00f3mez, de la localidad de Ranelagh.<\/p>\n\n\n\n<p>Tambi\u00e9n est\u00e1 la Feria Municipal Emprender, con productos artesanales berazateguenses, de 12.00 a 21.00.<\/p>\n\n\n\n<p>El acceso a la Costa de Hudson es por la Avenida Diego A. Maradona (63). En caso de malas condiciones clim\u00e1ticas, las actividades se suspenden.<\/p>\n","protected":false},"excerpt":{"rendered":"<p>Los food trucks en la Costa de Hudson son un cl\u00e1sico del verano en Berazategui&#8230;.<\/p>\n","protected":false},"author":1,"featured_media":81322,"comment_status":"closed","ping_status":"closed","sticky":false,"template":"","format":"standard","meta":{"footnotes":""},"categories":[33],"tags":[],"class_list":["post-81321","post","type-post","status-publish","format-standard","has-post-thumbnail","hentry","category-destacados"],"_links":{"self":[{"href":"https:\/\/conurbanodiario.com.ar\/index.php?rest_route=\/wp\/v2\/posts\/81321","targetHints":{"allow":["GET"]}}],"collection":[{"href":"https:\/\/conurbanodiario.com.ar\/index.php?rest_route=\/wp\/v2\/posts"}],"about":[{"href":"https:\/\/conurbanodiario.com.ar\/index.php?rest_route=\/wp\/v2\/types\/post"}],"author":[{"embeddable":true,"href":"https:\/\/conurbanodiario.com.ar\/index.php?rest_route=\/wp\/v2\/users\/1"}],"replies":[{"embeddable":true,"href":"https:\/\/conurbanodiario.com.ar\/index.php?rest_route=%2Fwp%2Fv2%2Fcomments&post=81321"}],"version-history":[{"count":1,"href":"https:\/\/conurbanodiario.com.ar\/index.php?rest_route=\/wp\/v2\/posts\/81321\/revisions"}],"predecessor-version":[{"id":81323,"href":"https:\/\/conurbanodiario.com.ar\/index.php?rest_route=\/wp\/v2\/posts\/81321\/revisions\/81323"}],"wp:featuredmedia":[{"embeddable":true,"href":"https:\/\/conurbanodiario.com.ar\/index.php?rest_route=\/wp\/v2\/media\/81322"}],"wp:attachment":[{"href":"https:\/\/conurbanodiario.com.ar\/index.php?rest_route=%2Fwp%2Fv2%2Fmedia&parent=81321"}],"wp:term":[{"taxonomy":"category","embeddable":true,"href":"https:\/\/conurbanodiario.com.ar\/index.php?rest_route=%2Fwp%2Fv2%2Fcategories&post=81321"},{"taxonomy":"post_tag","embeddable":true,"href":"https:\/\/conurbanodiario.com.ar\/index.php?rest_route=%2Fwp%2Fv2%2Ftags&post=81321"}],"curies":[{"name":"wp","href":"https:\/\/api.w.org\/{rel}","templated":true}]}}