{"id":81302,"date":"2026-02-03T09:27:30","date_gmt":"2026-02-03T12:27:30","guid":{"rendered":"https:\/\/conurbanodiario.com.ar\/?p=81302"},"modified":"2026-02-03T09:27:31","modified_gmt":"2026-02-03T12:27:31","slug":"varela-autoridades-municipales-del-ambito-educativo-y-fuerzas-de-seguridad-coordinaron-acciones-por-vandalismo-en-escuelas","status":"publish","type":"post","link":"https:\/\/conurbanodiario.com.ar\/?p=81302","title":{"rendered":"VARELA: AUTORIDADES MUNICIPALES, DEL \u00c1MBITO EDUCATIVO Y FUERZAS DE SEGURIDAD COORDINARON ACCIONES POR VANDALISMO EN ESCUELAS"},"content":{"rendered":"\n<p>Debido a los da\u00f1os que sufrieron establecimientos escolares del partido en los \u00faltimos d\u00edas, miembros del Ejecutivo local con integrantes de la Polic\u00eda y de la esfera pedag\u00f3gica varelense proyectaron un plan de contingencia durante el mediod\u00eda del lunes.<\/p>\n\n\n\n<p>Tras analizar alternativas ante la problem\u00e1tica, el subsecretario de Gobierno -Mat\u00edas Schneeberger- detall\u00f3 aspectos de \u201cun encuentro inter\u00e1reas destinado a coordinar acciones conjuntas: intensificar el patrullaje, tanto de la fuerza provincial como de la Guardia Comunal y ampliar la cobertura de las c\u00e1maras del Centro de Monitoreo Municipal\u201d.<\/p>\n\n\n\n<p>\u201cDe esta manera, reafirmamos nuestro compromiso con ejes claves en la gesti\u00f3n del intendente Andr\u00e9s Watson: la educaci\u00f3n y el bienestar ciudadano\u201d, sentenci\u00f3 el funcionario.<\/p>\n\n\n\n<p>Participaron Claudia Allerbon -presidenta del Consejo Escolar- y Alfredo Schveizer -jefe distrital de Educaci\u00f3n-.<\/p>\n","protected":false},"excerpt":{"rendered":"<p>Debido a los da\u00f1os que sufrieron establecimientos escolares del partido en los \u00faltimos d\u00edas, miembros&#8230;<\/p>\n","protected":false},"author":1,"featured_media":81303,"comment_status":"closed","ping_status":"closed","sticky":false,"template":"","format":"standard","meta":{"footnotes":""},"categories":[10],"tags":[],"class_list":["post-81302","post","type-post","status-publish","format-standard","has-post-thumbnail","hentry","category-seguridad"],"_links":{"self":[{"href":"https:\/\/conurbanodiario.com.ar\/index.php?rest_route=\/wp\/v2\/posts\/81302","targetHints":{"allow":["GET"]}}],"collection":[{"href":"https:\/\/conurbanodiario.com.ar\/index.php?rest_route=\/wp\/v2\/posts"}],"about":[{"href":"https:\/\/conurbanodiario.com.ar\/index.php?rest_route=\/wp\/v2\/types\/post"}],"author":[{"embeddable":true,"href":"https:\/\/conurbanodiario.com.ar\/index.php?rest_route=\/wp\/v2\/users\/1"}],"replies":[{"embeddable":true,"href":"https:\/\/conurbanodiario.com.ar\/index.php?rest_route=%2Fwp%2Fv2%2Fcomments&post=81302"}],"version-history":[{"count":1,"href":"https:\/\/conurbanodiario.com.ar\/index.php?rest_route=\/wp\/v2\/posts\/81302\/revisions"}],"predecessor-version":[{"id":81304,"href":"https:\/\/conurbanodiario.com.ar\/index.php?rest_route=\/wp\/v2\/posts\/81302\/revisions\/81304"}],"wp:featuredmedia":[{"embeddable":true,"href":"https:\/\/conurbanodiario.com.ar\/index.php?rest_route=\/wp\/v2\/media\/81303"}],"wp:attachment":[{"href":"https:\/\/conurbanodiario.com.ar\/index.php?rest_route=%2Fwp%2Fv2%2Fmedia&parent=81302"}],"wp:term":[{"taxonomy":"category","embeddable":true,"href":"https:\/\/conurbanodiario.com.ar\/index.php?rest_route=%2Fwp%2Fv2%2Fcategories&post=81302"},{"taxonomy":"post_tag","embeddable":true,"href":"https:\/\/conurbanodiario.com.ar\/index.php?rest_route=%2Fwp%2Fv2%2Ftags&post=81302"}],"curies":[{"name":"wp","href":"https:\/\/api.w.org\/{rel}","templated":true}]}}