{"id":81299,"date":"2026-02-03T09:24:31","date_gmt":"2026-02-03T12:24:31","guid":{"rendered":"https:\/\/conurbanodiario.com.ar\/?p=81299"},"modified":"2026-02-03T09:24:31","modified_gmt":"2026-02-03T12:24:31","slug":"trabajo-articulado-para-interceptar-un-vehiculo-con-impedimento-legal-de-circulacion","status":"publish","type":"post","link":"https:\/\/conurbanodiario.com.ar\/?p=81299","title":{"rendered":"TRABAJO ARTICULADO PARA INTERCEPTAR UN VEH\u00cdCULO CON IMPEDIMENTO LEGAL DE CIRCULACI\u00d3N"},"content":{"rendered":"\n<p>La alarma del Anillo Digital en el barrio La Rotonda activ\u00f3 el protocolo que permiti\u00f3 una intervenci\u00f3n coordinada con las fuerzas de seguridad de Berazategui.<\/p>\n\n\n\n<p>El domingo por la tarde, el Centro de Monitoreo Municipal recibi\u00f3 la alerta por un Gol Trend con pedido por hurto a solicitud de la Comisar\u00eda N\u00ba13 de La Plata.<\/p>\n\n\n\n<p>El enlace continu\u00f3 con un m\u00f3vil en patrullaje en un cuadrante del distrito vecino que fren\u00f3 al rodado en Av. Calchaqu\u00ed y calle 21. El conductor indic\u00f3 que manejaba un auto prestado y no contaba con ninguna documentaci\u00f3n del mismo. Por ese motivo, fue llevado a una dependencia jurisdiccional del partido lim\u00edtrofe para realizar los procedimientos de rigor.<\/p>\n","protected":false},"excerpt":{"rendered":"<p>La alarma del Anillo Digital en el barrio La Rotonda activ\u00f3 el protocolo que permiti\u00f3&#8230;<\/p>\n","protected":false},"author":1,"featured_media":81300,"comment_status":"closed","ping_status":"closed","sticky":false,"template":"","format":"standard","meta":{"footnotes":""},"categories":[10],"tags":[],"class_list":["post-81299","post","type-post","status-publish","format-standard","has-post-thumbnail","hentry","category-seguridad"],"_links":{"self":[{"href":"https:\/\/conurbanodiario.com.ar\/index.php?rest_route=\/wp\/v2\/posts\/81299","targetHints":{"allow":["GET"]}}],"collection":[{"href":"https:\/\/conurbanodiario.com.ar\/index.php?rest_route=\/wp\/v2\/posts"}],"about":[{"href":"https:\/\/conurbanodiario.com.ar\/index.php?rest_route=\/wp\/v2\/types\/post"}],"author":[{"embeddable":true,"href":"https:\/\/conurbanodiario.com.ar\/index.php?rest_route=\/wp\/v2\/users\/1"}],"replies":[{"embeddable":true,"href":"https:\/\/conurbanodiario.com.ar\/index.php?rest_route=%2Fwp%2Fv2%2Fcomments&post=81299"}],"version-history":[{"count":1,"href":"https:\/\/conurbanodiario.com.ar\/index.php?rest_route=\/wp\/v2\/posts\/81299\/revisions"}],"predecessor-version":[{"id":81301,"href":"https:\/\/conurbanodiario.com.ar\/index.php?rest_route=\/wp\/v2\/posts\/81299\/revisions\/81301"}],"wp:featuredmedia":[{"embeddable":true,"href":"https:\/\/conurbanodiario.com.ar\/index.php?rest_route=\/wp\/v2\/media\/81300"}],"wp:attachment":[{"href":"https:\/\/conurbanodiario.com.ar\/index.php?rest_route=%2Fwp%2Fv2%2Fmedia&parent=81299"}],"wp:term":[{"taxonomy":"category","embeddable":true,"href":"https:\/\/conurbanodiario.com.ar\/index.php?rest_route=%2Fwp%2Fv2%2Fcategories&post=81299"},{"taxonomy":"post_tag","embeddable":true,"href":"https:\/\/conurbanodiario.com.ar\/index.php?rest_route=%2Fwp%2Fv2%2Ftags&post=81299"}],"curies":[{"name":"wp","href":"https:\/\/api.w.org\/{rel}","templated":true}]}}