{"id":81293,"date":"2026-02-06T01:08:00","date_gmt":"2026-02-06T04:08:00","guid":{"rendered":"https:\/\/conurbanodiario.com.ar\/?p=81293"},"modified":"2026-02-03T09:16:13","modified_gmt":"2026-02-03T12:16:13","slug":"llega-una-nueva-edicion-de-b-play-medieval-a-berazategui","status":"publish","type":"post","link":"https:\/\/conurbanodiario.com.ar\/?p=81293","title":{"rendered":"LLEGA UNA NUEVA EDICI\u00d3N DE B-PLAY MEDIEVAL A BERAZATEGUI"},"content":{"rendered":"\n<p>Se aproxima una nueva edici\u00f3n del Festival B-Play Medieval, que ya es una tradici\u00f3n de los veranos de Berazategui. La cita es este domingo 8 de febrero, de 16.00 a 22.00, en la Plaza San Mart\u00edn (Av. Mitre entre 6 y 7). El acceso, como siempre, es libre y gratuito.<\/p>\n\n\n\n<p>Este evento es impulsado por la Municipalidad de Berazategui -a cargo del intendente Carlos Balor- y organizado por la Secretar\u00eda de Cultura y Educaci\u00f3n, en el marco del Ciclo de Verano 2026.<\/p>\n\n\n\n<p>En esta edici\u00f3n se presentar\u00e1 un Festival de M\u00fasica Celta, habr\u00e1 stands de artesanos y artesanas medievales, gastronom\u00eda t\u00edpica de la \u00e9poca y recreacionismo hist\u00f3rico, entre otras atracciones para todas las edades. El Festival se suspende en caso de malas condiciones clim\u00e1ticas.<\/p>\n\n\n\n<p>Para conocer m\u00e1s propuestas culturales del cronograma del Ciclo de Verano 2026, se puede ingresar en berazategui.gob.ar\/cultura\/agenda o a las redes sociales de la Secretar\u00eda de Cultura y Educaci\u00f3n (@culturabe) y del Municipio (@MuniBerazategui).<\/p>\n","protected":false},"excerpt":{"rendered":"<p>Se aproxima una nueva edici\u00f3n del Festival B-Play Medieval, que ya es una tradici\u00f3n de&#8230;<\/p>\n","protected":false},"author":1,"featured_media":81294,"comment_status":"closed","ping_status":"closed","sticky":false,"template":"","format":"standard","meta":{"footnotes":""},"categories":[8],"tags":[],"class_list":["post-81293","post","type-post","status-publish","format-standard","has-post-thumbnail","hentry","category-cultura"],"_links":{"self":[{"href":"https:\/\/conurbanodiario.com.ar\/index.php?rest_route=\/wp\/v2\/posts\/81293","targetHints":{"allow":["GET"]}}],"collection":[{"href":"https:\/\/conurbanodiario.com.ar\/index.php?rest_route=\/wp\/v2\/posts"}],"about":[{"href":"https:\/\/conurbanodiario.com.ar\/index.php?rest_route=\/wp\/v2\/types\/post"}],"author":[{"embeddable":true,"href":"https:\/\/conurbanodiario.com.ar\/index.php?rest_route=\/wp\/v2\/users\/1"}],"replies":[{"embeddable":true,"href":"https:\/\/conurbanodiario.com.ar\/index.php?rest_route=%2Fwp%2Fv2%2Fcomments&post=81293"}],"version-history":[{"count":1,"href":"https:\/\/conurbanodiario.com.ar\/index.php?rest_route=\/wp\/v2\/posts\/81293\/revisions"}],"predecessor-version":[{"id":81295,"href":"https:\/\/conurbanodiario.com.ar\/index.php?rest_route=\/wp\/v2\/posts\/81293\/revisions\/81295"}],"wp:featuredmedia":[{"embeddable":true,"href":"https:\/\/conurbanodiario.com.ar\/index.php?rest_route=\/wp\/v2\/media\/81294"}],"wp:attachment":[{"href":"https:\/\/conurbanodiario.com.ar\/index.php?rest_route=%2Fwp%2Fv2%2Fmedia&parent=81293"}],"wp:term":[{"taxonomy":"category","embeddable":true,"href":"https:\/\/conurbanodiario.com.ar\/index.php?rest_route=%2Fwp%2Fv2%2Fcategories&post=81293"},{"taxonomy":"post_tag","embeddable":true,"href":"https:\/\/conurbanodiario.com.ar\/index.php?rest_route=%2Fwp%2Fv2%2Ftags&post=81293"}],"curies":[{"name":"wp","href":"https:\/\/api.w.org\/{rel}","templated":true}]}}