{"id":81261,"date":"2026-02-02T11:37:46","date_gmt":"2026-02-02T14:37:46","guid":{"rendered":"https:\/\/conurbanodiario.com.ar\/?p=81261"},"modified":"2026-02-02T11:38:53","modified_gmt":"2026-02-02T14:38:53","slug":"conmovedor-homenaje-a-juan-jose-mussi","status":"publish","type":"post","link":"https:\/\/conurbanodiario.com.ar\/?p=81261","title":{"rendered":"CONMOVEDOR HOMENAJE A JUAN JOS\u00c9 MUSSI"},"content":{"rendered":"\n<p>En un emotivo acto, el consultorio m\u00e9dico del predio recreativo de la Asociaci\u00f3n Obrera Textil de Berazategui (AOT) fue nombrado \u201cDr. Juan Jos\u00e9 Mussi\u201d. En esa misma sala, el hist\u00f3rico Intendente de Berazategui y dirigente pol\u00edtico dio sus primeros pasos como profesional de la salud tras recibirse de m\u00e9dico, atendiendo consultas y llevando adelante la revisaci\u00f3n m\u00e9dica para el acceso a la pileta de este espacio, ubicado en Av. 14 y 107. El homenaje cont\u00f3 con la presencia del intendente municipal Carlos Balor.<\/p>\n\n\n\n<p>La conmovedora y concurrida ceremonia, cont\u00f3 con la presencia de la hermana del Doctor Mussi, Adela Mussi; su sobrina Mar\u00eda Laura Lacava y su compa\u00f1era de vida, Mar\u00eda Del Carmen Flores.<\/p>\n\n\n\n<p>\u201cA partir de hoy, el consultorio m\u00e9dico del Parque Asociaci\u00f3n Obrera Textil lleva el nombre \u00abDr. Juan Jos\u00e9 Mussi\u00bb. Agradezco que me hayan invitado a participar de este reconocimiento a quien dedic\u00f3 su vida al cuidado de la salud, al valor de lo p\u00fablico y a Berazategui. Adem\u00e1s, asist\u00ed a la jornada de cierre del Programa provincial \u2018Escuelas Abiertas en Verano\u2019, del que participaron m\u00e1s de 2800 chicos y chicas. \u00a1Muchas gracias, gobernador Axel Kicillof, por acercar esta propuesta a nuestra ciudad!\u201d, expres\u00f3 Balor.<\/p>\n\n\n\n<p>El homenaje fue presenciado por vecinos y vecinas, familiares, ni\u00f1os, ni\u00f1as y adolescentes que concurren al camping en esta \u00e9poca del a\u00f1o.<\/p>\n\n\n\n<p>Durante el acto, el secretario general de la AOT regional Quilmes, Berazategui y Florencio Varela, Gustavo S\u00e1nchez, agradeci\u00f3 la presencia del Intendente de Berazategui y expres\u00f3: \u201cPara nosotros es un gran honor que el consultorio de este predio lleve el nombre del Dr. Juan Jos\u00e9 Mussi, quien, con mucha dedicaci\u00f3n, comenz\u00f3 a desempe\u00f1arse como m\u00e9dico en este lugar. Es un peque\u00f1o pero muy sentido reconocimiento a su trayectoria, tanto profesional como pol\u00edtica, ya que siempre trabaj\u00f3 por el crecimiento de esta ciudad\u201d.<\/p>\n\n\n\n<p>Por su parte, el encargado del Predio, Humberto G\u00f3mez, manifest\u00f3: \u201cNos pareci\u00f3 muy importante realizar este merecido homenaje en memoria del Dr. Mussi, teniendo en cuenta que este fue su primer consultorio como m\u00e9dico. Para nosotros fue un d\u00eda muy especial y emotivo, en el que adem\u00e1s tuvimos la presencia de Carlos Balor, una persona muy sencilla y amable que, sin dudas, continuar\u00e1 con el legado que nos dej\u00f3 el Doctor\u201d.<\/p>\n\n\n\n<p>Previo al acto de imposici\u00f3n de nombre del consultorio m\u00e9dico, el Intendente de Berazategui recorri\u00f3 las instalaciones del lugar y salud\u00f3 a los presentes, en compa\u00f1\u00eda de los integrantes del Gabinete municipal.<\/p>\n","protected":false},"excerpt":{"rendered":"<p>En un emotivo acto, el consultorio m\u00e9dico del predio recreativo de la Asociaci\u00f3n Obrera Textil&#8230;<\/p>\n","protected":false},"author":1,"featured_media":81262,"comment_status":"closed","ping_status":"closed","sticky":false,"template":"","format":"standard","meta":{"footnotes":""},"categories":[35],"tags":[],"class_list":["post-81261","post","type-post","status-publish","format-standard","has-post-thumbnail","hentry","category-politica"],"_links":{"self":[{"href":"https:\/\/conurbanodiario.com.ar\/index.php?rest_route=\/wp\/v2\/posts\/81261","targetHints":{"allow":["GET"]}}],"collection":[{"href":"https:\/\/conurbanodiario.com.ar\/index.php?rest_route=\/wp\/v2\/posts"}],"about":[{"href":"https:\/\/conurbanodiario.com.ar\/index.php?rest_route=\/wp\/v2\/types\/post"}],"author":[{"embeddable":true,"href":"https:\/\/conurbanodiario.com.ar\/index.php?rest_route=\/wp\/v2\/users\/1"}],"replies":[{"embeddable":true,"href":"https:\/\/conurbanodiario.com.ar\/index.php?rest_route=%2Fwp%2Fv2%2Fcomments&post=81261"}],"version-history":[{"count":1,"href":"https:\/\/conurbanodiario.com.ar\/index.php?rest_route=\/wp\/v2\/posts\/81261\/revisions"}],"predecessor-version":[{"id":81263,"href":"https:\/\/conurbanodiario.com.ar\/index.php?rest_route=\/wp\/v2\/posts\/81261\/revisions\/81263"}],"wp:featuredmedia":[{"embeddable":true,"href":"https:\/\/conurbanodiario.com.ar\/index.php?rest_route=\/wp\/v2\/media\/81262"}],"wp:attachment":[{"href":"https:\/\/conurbanodiario.com.ar\/index.php?rest_route=%2Fwp%2Fv2%2Fmedia&parent=81261"}],"wp:term":[{"taxonomy":"category","embeddable":true,"href":"https:\/\/conurbanodiario.com.ar\/index.php?rest_route=%2Fwp%2Fv2%2Fcategories&post=81261"},{"taxonomy":"post_tag","embeddable":true,"href":"https:\/\/conurbanodiario.com.ar\/index.php?rest_route=%2Fwp%2Fv2%2Ftags&post=81261"}],"curies":[{"name":"wp","href":"https:\/\/api.w.org\/{rel}","templated":true}]}}