{"id":81255,"date":"2026-02-03T01:07:00","date_gmt":"2026-02-03T04:07:00","guid":{"rendered":"https:\/\/conurbanodiario.com.ar\/?p=81255"},"modified":"2026-02-02T11:32:06","modified_gmt":"2026-02-02T14:32:06","slug":"la-provincia-continua-con-los-operativos-de-documentacion-de-verano-en-la-costa-bonaerense-durante-febrero","status":"publish","type":"post","link":"https:\/\/conurbanodiario.com.ar\/?p=81255","title":{"rendered":"LA PROVINCIA CONTIN\u00daA CON LOS OPERATIVOS DE DOCUMENTACI\u00d3N DE VERANO EN LA COSTA BONAERENSE DURANTE FEBRERO"},"content":{"rendered":"\n<p>El Registro Provincial de las Personas contin\u00faa con sus operativos de documentaci\u00f3n de verano en distintos puntos de la costa bonaerense.&nbsp;<\/p>\n\n\n\n<p>Se podr\u00e1n gestionar tr\u00e1mites de DNI y pasaporte, partidas, certificados de domicilio y extrav\u00edo, certificado de preinscripci\u00f3n (CPI), empadronamiento de personas extranjeras, cambio de g\u00e9nero e inscripci\u00f3n tard\u00eda.&nbsp;<\/p>\n\n\n\n<p>Durante febrero, las oficinas m\u00f3viles trabajar\u00e1n en Miramar, Santa Elena, Santa Clara, Mar de Cobo, Pinamar, San Bernardo, Santa Teresita y San Clemente. Las fechas y ubicaciones ser\u00e1n rotativas y se anunciar\u00e1n a trav\u00e9s de las redes sociales del Registro Provincial de las Personas.<\/p>\n\n\n\n<p>Asimismo, los operativos tambi\u00e9n estar\u00e1n presentes en la Fiesta Provincial de la Frambuesa en B\u00e9nito Ju\u00e1rez y en el distrito de Balcarce durante la Fiesta Nacional del Autom\u00f3vil. En tanto, en Guamin\u00ed, los operativos se desarrollar\u00e1n en el parador ReCreo, gestionado por la provincia de Buenos Aires, con propuestas y actividades para toda la familia.&nbsp;<\/p>\n\n\n\n<p>Durante&nbsp;enero, el Registro Provincial de las Personas realiz\u00f3 m\u00e1s de 3.500 tr\u00e1mites en toda la costa bonaerense.<\/p>\n","protected":false},"excerpt":{"rendered":"<p>El Registro Provincial de las Personas contin\u00faa con sus operativos de documentaci\u00f3n de verano en&#8230;<\/p>\n","protected":false},"author":1,"featured_media":81256,"comment_status":"closed","ping_status":"closed","sticky":false,"template":"","format":"standard","meta":{"footnotes":""},"categories":[28],"tags":[],"class_list":["post-81255","post","type-post","status-publish","format-standard","has-post-thumbnail","hentry","category-la-provincia"],"_links":{"self":[{"href":"https:\/\/conurbanodiario.com.ar\/index.php?rest_route=\/wp\/v2\/posts\/81255","targetHints":{"allow":["GET"]}}],"collection":[{"href":"https:\/\/conurbanodiario.com.ar\/index.php?rest_route=\/wp\/v2\/posts"}],"about":[{"href":"https:\/\/conurbanodiario.com.ar\/index.php?rest_route=\/wp\/v2\/types\/post"}],"author":[{"embeddable":true,"href":"https:\/\/conurbanodiario.com.ar\/index.php?rest_route=\/wp\/v2\/users\/1"}],"replies":[{"embeddable":true,"href":"https:\/\/conurbanodiario.com.ar\/index.php?rest_route=%2Fwp%2Fv2%2Fcomments&post=81255"}],"version-history":[{"count":1,"href":"https:\/\/conurbanodiario.com.ar\/index.php?rest_route=\/wp\/v2\/posts\/81255\/revisions"}],"predecessor-version":[{"id":81257,"href":"https:\/\/conurbanodiario.com.ar\/index.php?rest_route=\/wp\/v2\/posts\/81255\/revisions\/81257"}],"wp:featuredmedia":[{"embeddable":true,"href":"https:\/\/conurbanodiario.com.ar\/index.php?rest_route=\/wp\/v2\/media\/81256"}],"wp:attachment":[{"href":"https:\/\/conurbanodiario.com.ar\/index.php?rest_route=%2Fwp%2Fv2%2Fmedia&parent=81255"}],"wp:term":[{"taxonomy":"category","embeddable":true,"href":"https:\/\/conurbanodiario.com.ar\/index.php?rest_route=%2Fwp%2Fv2%2Fcategories&post=81255"},{"taxonomy":"post_tag","embeddable":true,"href":"https:\/\/conurbanodiario.com.ar\/index.php?rest_route=%2Fwp%2Fv2%2Ftags&post=81255"}],"curies":[{"name":"wp","href":"https:\/\/api.w.org\/{rel}","templated":true}]}}