{"id":81252,"date":"2026-02-02T01:01:00","date_gmt":"2026-02-02T04:01:00","guid":{"rendered":"https:\/\/conurbanodiario.com.ar\/?p=81252"},"modified":"2026-02-02T11:22:49","modified_gmt":"2026-02-02T14:22:49","slug":"las-y-los-varelenses-disfrutaron-multiples-actividades-por-el-aniversario-del-distrito","status":"publish","type":"post","link":"https:\/\/conurbanodiario.com.ar\/?p=81252","title":{"rendered":"LAS Y LOS VARELENSES DISFRUTARON M\u00daLTIPLES ACTIVIDADES POR EL ANIVERSARIO DEL DISTRITO"},"content":{"rendered":"\n<p>El primer domingo de febrero, concluyeron las propuestas municipales para compartir en familia sobre Av. San Mart\u00edn, donde la Orquesta Escuela de Tango fue protagonista en un convocante show como cierre de la grilla.<\/p>\n\n\n\n<p>Previo a la actuaci\u00f3n del ensamble, el intendente Andr\u00e9s Watson charl\u00f3 con vecinos y vecinas que aprovechaban las atracciones de cada posta: bailes, foodtrucks, emprendimientos, recreaci\u00f3n infantil, entre otras.<\/p>\n\n\n\n<p>\u00abLas y los varelenses disfrutaron un festival que nucle\u00f3 el arte, la cultura, la identidad, la historia. La oferta fue variada en esta zona del partido, pero tambi\u00e9n sobre la calle San Juan con un paseo gastron\u00f3mico\u00bb, especific\u00f3 el Mandatario Comunal.<\/p>\n\n\n\n<p>En el trayecto, estaba Beatriz P\u00e9rez -de La Pileta- con su nieto por \u00abver los espect\u00e1culos de tango\u00bb. Fan\u00e1tica de la m\u00fasica ciudadana, destac\u00f3 \u00abla impronta arrabalera con un fileteado en la est\u00e9tica elegida para colorear el aniversario de la ciudad\u00bb. \u00abEl municipio cambi\u00f3 mucho en los \u00faltimos a\u00f1os. Hubo una transformaci\u00f3n notable. Progres\u00f3 en distintos aspectos con una gesti\u00f3n que incluy\u00f3 desde las infancias, la juventud hasta la tercera edad\u00bb, afirm\u00f3.<\/p>\n\n\n\n<p>Laura Galeano -de San Eduardo- lleg\u00f3 junto a su esposo e hijos \u00aba pasar la tarde, comer algo\u00bb. La mujer admiti\u00f3 que era \u00abvarelense por elecci\u00f3n\u00bb. \u00abNac\u00ed en Capital. Vine de chica\u00bb, confes\u00f3. \u00abLo mejor: la plaza San Juan Bautista y la Peatonal Monteagudo\u00bb, asever\u00f3.<\/p>\n\n\n\n<p>Ezequiel Ju\u00e1rez, oriundo de Pico de Oro y responsable del ballet \u00abEsencia Sure\u00f1a\u00bb, identific\u00f3 las cualidades de \u00abuna performance estilizada que combin\u00f3 parejas de personas adultas con participaci\u00f3n especial de ni\u00f1os y ni\u00f1as en el cuadro\u00bb durante la celebraci\u00f3n distrital.<\/p>\n\n\n\n<p>Estuvo la secretaria de Cultura, Deportes y Recreaci\u00f3n, Estefan\u00eda Nieva.<\/p>\n","protected":false},"excerpt":{"rendered":"<p>El primer domingo de febrero, concluyeron las propuestas municipales para compartir en familia sobre Av&#8230;.<\/p>\n","protected":false},"author":1,"featured_media":81253,"comment_status":"closed","ping_status":"closed","sticky":false,"template":"","format":"standard","meta":{"footnotes":""},"categories":[1,3],"tags":[],"class_list":["post-81252","post","type-post","status-publish","format-standard","has-post-thumbnail","hentry","category-noticia-del-dia","category-informacion-general"],"_links":{"self":[{"href":"https:\/\/conurbanodiario.com.ar\/index.php?rest_route=\/wp\/v2\/posts\/81252","targetHints":{"allow":["GET"]}}],"collection":[{"href":"https:\/\/conurbanodiario.com.ar\/index.php?rest_route=\/wp\/v2\/posts"}],"about":[{"href":"https:\/\/conurbanodiario.com.ar\/index.php?rest_route=\/wp\/v2\/types\/post"}],"author":[{"embeddable":true,"href":"https:\/\/conurbanodiario.com.ar\/index.php?rest_route=\/wp\/v2\/users\/1"}],"replies":[{"embeddable":true,"href":"https:\/\/conurbanodiario.com.ar\/index.php?rest_route=%2Fwp%2Fv2%2Fcomments&post=81252"}],"version-history":[{"count":1,"href":"https:\/\/conurbanodiario.com.ar\/index.php?rest_route=\/wp\/v2\/posts\/81252\/revisions"}],"predecessor-version":[{"id":81254,"href":"https:\/\/conurbanodiario.com.ar\/index.php?rest_route=\/wp\/v2\/posts\/81252\/revisions\/81254"}],"wp:featuredmedia":[{"embeddable":true,"href":"https:\/\/conurbanodiario.com.ar\/index.php?rest_route=\/wp\/v2\/media\/81253"}],"wp:attachment":[{"href":"https:\/\/conurbanodiario.com.ar\/index.php?rest_route=%2Fwp%2Fv2%2Fmedia&parent=81252"}],"wp:term":[{"taxonomy":"category","embeddable":true,"href":"https:\/\/conurbanodiario.com.ar\/index.php?rest_route=%2Fwp%2Fv2%2Fcategories&post=81252"},{"taxonomy":"post_tag","embeddable":true,"href":"https:\/\/conurbanodiario.com.ar\/index.php?rest_route=%2Fwp%2Fv2%2Ftags&post=81252"}],"curies":[{"name":"wp","href":"https:\/\/api.w.org\/{rel}","templated":true}]}}