{"id":81243,"date":"2026-02-02T08:48:44","date_gmt":"2026-02-02T11:48:44","guid":{"rendered":"https:\/\/conurbanodiario.com.ar\/?p=81243"},"modified":"2026-02-02T08:51:58","modified_gmt":"2026-02-02T11:51:58","slug":"lanus-gobierno-realizara-una-nueva-jornada-de-salud-para-las-infancias","status":"publish","type":"post","link":"https:\/\/conurbanodiario.com.ar\/?p=81243","title":{"rendered":"LAN\u00daS GOBIERNO REALIZAR\u00c1 UNA NUEVA JORNADA DE SALUD PARA LAS INFANCIAS"},"content":{"rendered":"\n<p>Lan\u00fas Gobierno informa que este lunes 2 de febrero, de 9 a 12, se entregar\u00e1n turnos presenciales en el Centro de Atenci\u00f3n Primaria de la Salud (CAPS) Dardo Rocha, ubicado en\u00a0<a href=\"https:\/\/na01.safelinks.protection.outlook.com\/?url=https%3A%2F%2Fwww.google.com%2Fmaps%2Fsearch%2FDardo%2BRocha%2BN%2B3600%3Fentry%3Dgmail%26source%3Dg&amp;data=05%7C02%7C%7C77e30d3439b0490082b208de61c2565b%7C84df9e7fe9f640afb435aaaaaaaaaaaa%7C1%7C0%7C639055684527154235%7CUnknown%7CTWFpbGZsb3d8eyJFbXB0eU1hcGkiOnRydWUsIlYiOiIwLjAuMDAwMCIsIlAiOiJXaW4zMiIsIkFOIjoiTWFpbCIsIldUIjoyfQ%3D%3D%7C0%7C%7C%7C&amp;sdata=Nzd3rukx%2FZoceSusasE7%2FpN%2BR%2BZST2Jal27zxmjfkKE%3D&amp;reserved=0\" target=\"_blank\" rel=\"noreferrer noopener\">Dardo Rocha N<\/a>\u00b0\u00a0<a href=\"https:\/\/na01.safelinks.protection.outlook.com\/?url=https%3A%2F%2Fwww.google.com%2Fmaps%2Fsearch%2FDardo%2BRocha%2BN%2B3600%3Fentry%3Dgmail%26source%3Dg&amp;data=05%7C02%7C%7C77e30d3439b0490082b208de61c2565b%7C84df9e7fe9f640afb435aaaaaaaaaaaa%7C1%7C0%7C639055684527179251%7CUnknown%7CTWFpbGZsb3d8eyJFbXB0eU1hcGkiOnRydWUsIlYiOiIwLjAuMDAwMCIsIlAiOiJXaW4zMiIsIkFOIjoiTWFpbCIsIldUIjoyfQ%3D%3D%7C0%7C%7C%7C&amp;sdata=kwVHIDa%2BT19%2BOcWvaUQAdpn44do6q5hhTOEsSRjVJyc%3D&amp;reserved=0\" target=\"_blank\" rel=\"noreferrer noopener\">3600<\/a>, en Remedios de Escalada, para participar de una nueva jornada de salud para las infancias. La atenci\u00f3n m\u00e9dica se brindar\u00e1 el jueves 5 de febrero en el mismo establecimiento.<\/p>\n\n\n\n<p>La propuesta est\u00e1 destinada a chicos y chicas de hasta 14 a\u00f1os inclusive y tiene como objetivo facilitar el acceso gratuito a controles de salud, vacunaci\u00f3n y acciones de prevenci\u00f3n orientadas al cuidado integral de las infancias. Los turnos se asignar\u00e1n por orden de llegada y estar\u00e1n destinados s\u00f3lo a personas con domicilio en Lan\u00fas, por lo que ser\u00e1 necesario presentar el DNI de los ni\u00f1os, ni\u00f1as o familiares al momento de acercarse.<\/p>\n\n\n\n<p>Durante la jornada, las familias podr\u00e1n acceder sin costo a controles pedi\u00e1tricos, odontol\u00f3gicos y oftalmol\u00f3gicos, adem\u00e1s de completar el calendario nacional de vacunaci\u00f3n y recibir las dosis correspondientes contra el COVID-19.<\/p>\n\n\n\n<p>Cabe destacar que esta actividad se desarrolla semanalmente en distintos puntos del distrito, para acercar los servicios de salud y fortalecer las pol\u00edticas p\u00fablicas de cuidado de las infancias y adolescencias de Lan\u00fas.<\/p>\n","protected":false},"excerpt":{"rendered":"<p>Lan\u00fas Gobierno informa que este lunes 2 de febrero, de 9 a 12, se entregar\u00e1n&#8230;<\/p>\n","protected":false},"author":1,"featured_media":81245,"comment_status":"closed","ping_status":"closed","sticky":false,"template":"","format":"standard","meta":{"footnotes":""},"categories":[31],"tags":[],"class_list":["post-81243","post","type-post","status-publish","format-standard","has-post-thumbnail","hentry","category-salud"],"_links":{"self":[{"href":"https:\/\/conurbanodiario.com.ar\/index.php?rest_route=\/wp\/v2\/posts\/81243","targetHints":{"allow":["GET"]}}],"collection":[{"href":"https:\/\/conurbanodiario.com.ar\/index.php?rest_route=\/wp\/v2\/posts"}],"about":[{"href":"https:\/\/conurbanodiario.com.ar\/index.php?rest_route=\/wp\/v2\/types\/post"}],"author":[{"embeddable":true,"href":"https:\/\/conurbanodiario.com.ar\/index.php?rest_route=\/wp\/v2\/users\/1"}],"replies":[{"embeddable":true,"href":"https:\/\/conurbanodiario.com.ar\/index.php?rest_route=%2Fwp%2Fv2%2Fcomments&post=81243"}],"version-history":[{"count":1,"href":"https:\/\/conurbanodiario.com.ar\/index.php?rest_route=\/wp\/v2\/posts\/81243\/revisions"}],"predecessor-version":[{"id":81244,"href":"https:\/\/conurbanodiario.com.ar\/index.php?rest_route=\/wp\/v2\/posts\/81243\/revisions\/81244"}],"wp:featuredmedia":[{"embeddable":true,"href":"https:\/\/conurbanodiario.com.ar\/index.php?rest_route=\/wp\/v2\/media\/81245"}],"wp:attachment":[{"href":"https:\/\/conurbanodiario.com.ar\/index.php?rest_route=%2Fwp%2Fv2%2Fmedia&parent=81243"}],"wp:term":[{"taxonomy":"category","embeddable":true,"href":"https:\/\/conurbanodiario.com.ar\/index.php?rest_route=%2Fwp%2Fv2%2Fcategories&post=81243"},{"taxonomy":"post_tag","embeddable":true,"href":"https:\/\/conurbanodiario.com.ar\/index.php?rest_route=%2Fwp%2Fv2%2Ftags&post=81243"}],"curies":[{"name":"wp","href":"https:\/\/api.w.org\/{rel}","templated":true}]}}