{"id":81240,"date":"2026-02-02T01:01:00","date_gmt":"2026-02-02T04:01:00","guid":{"rendered":"https:\/\/conurbanodiario.com.ar\/?p=81240"},"modified":"2026-02-02T08:44:30","modified_gmt":"2026-02-02T11:44:30","slug":"lanus-gobierno-invita-a-participar-de-un-nuevo-operativo-ambiente-si","status":"publish","type":"post","link":"https:\/\/conurbanodiario.com.ar\/?p=81240","title":{"rendered":"LAN\u00daS GOBIERNO INVITA A PARTICIPAR DE UN NUEVO OPERATIVO \u00a1AMBIENTE S\u00cd!"},"content":{"rendered":"\n<p>Lan\u00fas Gobierno informa que desde el lunes 2 al s\u00e1bado 7 de febrero se llevar\u00e1 adelante una nueva edici\u00f3n del operativo \u00a1Ambiente S\u00ed! en distintos espacios p\u00fablicos del distrito, con el objetivo de que las y los lanusenses puedan acercarse a dejar sus residuos reciclables. Las jornadas se desarrollar\u00e1n de lunes a viernes de 10 a 13, mientras que el s\u00e1bado ser\u00e1 de 10 a 17.<\/p>\n\n\n\n<p>El lunes 2 de febrero, el operativo comenzar\u00e1 en las plazas Mariano Moreno (<a rel=\"noreferrer noopener\" target=\"_blank\" href=\"https:\/\/na01.safelinks.protection.outlook.com\/?url=https%3A%2F%2Fwww.google.com%2Fmaps%2Fsearch%2Favenida%2BHip%2Blito%2BYrigoyen%2BN%2B6200%3Fentry%3Dgmail%26source%3Dg&amp;data=05%7C02%7C%7Cac33fb61b4014867e3c608de61d18780%7C84df9e7fe9f640afb435aaaaaaaaaaaa%7C1%7C0%7C639055749827179663%7CUnknown%7CTWFpbGZsb3d8eyJFbXB0eU1hcGkiOnRydWUsIlYiOiIwLjAuMDAwMCIsIlAiOiJXaW4zMiIsIkFOIjoiTWFpbCIsIldUIjoyfQ%3D%3D%7C0%7C%7C%7C&amp;sdata=Je6pBeY8fMRcHf4zFKenpEp6M0GSaAnRLoceaPY%2B5zo%3D&amp;reserved=0\">avenida Hip<\/a>\u00f3<a rel=\"noreferrer noopener\" target=\"_blank\" href=\"https:\/\/na01.safelinks.protection.outlook.com\/?url=https%3A%2F%2Fwww.google.com%2Fmaps%2Fsearch%2Favenida%2BHip%2Blito%2BYrigoyen%2BN%2B6200%3Fentry%3Dgmail%26source%3Dg&amp;data=05%7C02%7C%7Cac33fb61b4014867e3c608de61d18780%7C84df9e7fe9f640afb435aaaaaaaaaaaa%7C1%7C0%7C639055749827208459%7CUnknown%7CTWFpbGZsb3d8eyJFbXB0eU1hcGkiOnRydWUsIlYiOiIwLjAuMDAwMCIsIlAiOiJXaW4zMiIsIkFOIjoiTWFpbCIsIldUIjoyfQ%3D%3D%7C0%7C%7C%7C&amp;sdata=Z0DQRHoMYC9urCTE%2FcfdnJ7gBJMq0HusWOYauxmRrB0%3D&amp;reserved=0\">lito Yrigoyen N<\/a>\u00b0&nbsp;<a rel=\"noreferrer noopener\" target=\"_blank\" href=\"https:\/\/na01.safelinks.protection.outlook.com\/?url=https%3A%2F%2Fwww.google.com%2Fmaps%2Fsearch%2Favenida%2BHip%2Blito%2BYrigoyen%2BN%2B6200%3Fentry%3Dgmail%26source%3Dg&amp;data=05%7C02%7C%7Cac33fb61b4014867e3c608de61d18780%7C84df9e7fe9f640afb435aaaaaaaaaaaa%7C1%7C0%7C639055749827230125%7CUnknown%7CTWFpbGZsb3d8eyJFbXB0eU1hcGkiOnRydWUsIlYiOiIwLjAuMDAwMCIsIlAiOiJXaW4zMiIsIkFOIjoiTWFpbCIsIldUIjoyfQ%3D%3D%7C0%7C%7C%7C&amp;sdata=YaQddy1b2lbIsJoGkbzE4C224mOpgiUYVTwzhiHycSI%3D&amp;reserved=0\">6200<\/a>) y Alajar\u00edn de Remedios de Escalada (Cnel. Rauch N\u00b0 3520). En tanto, el martes 3 las postas estar\u00e1n presentes en la plaza Villa Obrera (Eva Per\u00f3n N\u00b0 2400, Lan\u00fas Este) y en el Parque Lineal (<a rel=\"noreferrer noopener\" target=\"_blank\" href=\"https:\/\/na01.safelinks.protection.outlook.com\/?url=https%3A%2F%2Fwww.google.com%2Fmaps%2Fsearch%2Favenida%2BGeneral%2BPinto%2BN%2B4700%2C%2BMonte%2BChingolo%3Fentry%3Dgmail%26source%3Dg&amp;data=05%7C02%7C%7Cac33fb61b4014867e3c608de61d18780%7C84df9e7fe9f640afb435aaaaaaaaaaaa%7C1%7C0%7C639055749827256634%7CUnknown%7CTWFpbGZsb3d8eyJFbXB0eU1hcGkiOnRydWUsIlYiOiIwLjAuMDAwMCIsIlAiOiJXaW4zMiIsIkFOIjoiTWFpbCIsIldUIjoyfQ%3D%3D%7C0%7C%7C%7C&amp;sdata=yqL97KgM1cF3qVt7X1MJAAB%2FVsrYdMYy4DNlE827EDc%3D&amp;reserved=0\">avenida General Pinto N<\/a>\u00b0&nbsp;<a rel=\"noreferrer noopener\" target=\"_blank\" href=\"https:\/\/na01.safelinks.protection.outlook.com\/?url=https%3A%2F%2Fwww.google.com%2Fmaps%2Fsearch%2Favenida%2BGeneral%2BPinto%2BN%2B4700%2C%2BMonte%2BChingolo%3Fentry%3Dgmail%26source%3Dg&amp;data=05%7C02%7C%7Cac33fb61b4014867e3c608de61d18780%7C84df9e7fe9f640afb435aaaaaaaaaaaa%7C1%7C0%7C639055749827287784%7CUnknown%7CTWFpbGZsb3d8eyJFbXB0eU1hcGkiOnRydWUsIlYiOiIwLjAuMDAwMCIsIlAiOiJXaW4zMiIsIkFOIjoiTWFpbCIsIldUIjoyfQ%3D%3D%7C0%7C%7C%7C&amp;sdata=1N8n%2BULk%2FqEMtxUupYIF4UT489fevPBwsulKaktFe%2Bg%3D&amp;reserved=0\">4700, Monte Chingolo<\/a>).<\/p>\n\n\n\n<p>Durante el mi\u00e9rcoles 4, la iniciativa se desarrollar\u00e1 en el barrio Obrero (Chaco y Cnel. Murguiondo, Valent\u00edn Alsina) y en las plazas Constituci\u00f3n (<a rel=\"noreferrer noopener\" target=\"_blank\" href=\"https:\/\/na01.safelinks.protection.outlook.com\/?url=https%3A%2F%2Fwww.google.com%2Fmaps%2Fsearch%2Favenida%2BTte.%2BGral.%2BJuan%2BDomingo%2BPer%2Bn%2BN%2B3000%2C%2BValent%2Bn%2BAlsina%3Fentry%3Dgmail%26source%3Dg&amp;data=05%7C02%7C%7Cac33fb61b4014867e3c608de61d18780%7C84df9e7fe9f640afb435aaaaaaaaaaaa%7C1%7C0%7C639055749827309387%7CUnknown%7CTWFpbGZsb3d8eyJFbXB0eU1hcGkiOnRydWUsIlYiOiIwLjAuMDAwMCIsIlAiOiJXaW4zMiIsIkFOIjoiTWFpbCIsIldUIjoyfQ%3D%3D%7C0%7C%7C%7C&amp;sdata=j3jzNwKMumOPrvwE3cCBFXKrtra0TDbtjOFIzjItYss%3D&amp;reserved=0\">avenida Tte. Gral. Juan Domingo Per<\/a>\u00f3<a rel=\"noreferrer noopener\" target=\"_blank\" href=\"https:\/\/na01.safelinks.protection.outlook.com\/?url=https%3A%2F%2Fwww.google.com%2Fmaps%2Fsearch%2Favenida%2BTte.%2BGral.%2BJuan%2BDomingo%2BPer%2Bn%2BN%2B3000%2C%2BValent%2Bn%2BAlsina%3Fentry%3Dgmail%26source%3Dg&amp;data=05%7C02%7C%7Cac33fb61b4014867e3c608de61d18780%7C84df9e7fe9f640afb435aaaaaaaaaaaa%7C1%7C0%7C639055749827330480%7CUnknown%7CTWFpbGZsb3d8eyJFbXB0eU1hcGkiOnRydWUsIlYiOiIwLjAuMDAwMCIsIlAiOiJXaW4zMiIsIkFOIjoiTWFpbCIsIldUIjoyfQ%3D%3D%7C0%7C%7C%7C&amp;sdata=mOqMqDUoaWJUNjzMWd2Ev82zRamMbRX3Ev9T2he67JU%3D&amp;reserved=0\">n N<\/a>\u00b0&nbsp;<a rel=\"noreferrer noopener\" target=\"_blank\" href=\"https:\/\/na01.safelinks.protection.outlook.com\/?url=https%3A%2F%2Fwww.google.com%2Fmaps%2Fsearch%2Favenida%2BTte.%2BGral.%2BJuan%2BDomingo%2BPer%2Bn%2BN%2B3000%2C%2BValent%2Bn%2BAlsina%3Fentry%3Dgmail%26source%3Dg&amp;data=05%7C02%7C%7Cac33fb61b4014867e3c608de61d18780%7C84df9e7fe9f640afb435aaaaaaaaaaaa%7C1%7C0%7C639055749827351911%7CUnknown%7CTWFpbGZsb3d8eyJFbXB0eU1hcGkiOnRydWUsIlYiOiIwLjAuMDAwMCIsIlAiOiJXaW4zMiIsIkFOIjoiTWFpbCIsIldUIjoyfQ%3D%3D%7C0%7C%7C%7C&amp;sdata=yXacSdZM435Acpa3Z2Vqoi%2FQqqhVQAqA6JRYSMZCu4I%3D&amp;reserved=0\">3000, Valent<\/a>\u00ed<a rel=\"noreferrer noopener\" target=\"_blank\" href=\"https:\/\/na01.safelinks.protection.outlook.com\/?url=https%3A%2F%2Fwww.google.com%2Fmaps%2Fsearch%2Favenida%2BTte.%2BGral.%2BJuan%2BDomingo%2BPer%2Bn%2BN%2B3000%2C%2BValent%2Bn%2BAlsina%3Fentry%3Dgmail%26source%3Dg&amp;data=05%7C02%7C%7Cac33fb61b4014867e3c608de61d18780%7C84df9e7fe9f640afb435aaaaaaaaaaaa%7C1%7C0%7C639055749827373634%7CUnknown%7CTWFpbGZsb3d8eyJFbXB0eU1hcGkiOnRydWUsIlYiOiIwLjAuMDAwMCIsIlAiOiJXaW4zMiIsIkFOIjoiTWFpbCIsIldUIjoyfQ%3D%3D%7C0%7C%7C%7C&amp;sdata=38tqbDRyYYFzpztG3ldJXy6eTwKHqQFlDypBGoLnEMU%3D&amp;reserved=0\">n Alsina<\/a>) y Arias (<a rel=\"noreferrer noopener\" target=\"_blank\" href=\"https:\/\/na01.safelinks.protection.outlook.com\/?url=https%3A%2F%2Fwww.google.com%2Fmaps%2Fsearch%2FCarlos%2BGardel%2BN%2B1300%2C%2BLan%2Bs%2BOeste%3Fentry%3Dgmail%26source%3Dg&amp;data=05%7C02%7C%7Cac33fb61b4014867e3c608de61d18780%7C84df9e7fe9f640afb435aaaaaaaaaaaa%7C1%7C0%7C639055749827394617%7CUnknown%7CTWFpbGZsb3d8eyJFbXB0eU1hcGkiOnRydWUsIlYiOiIwLjAuMDAwMCIsIlAiOiJXaW4zMiIsIkFOIjoiTWFpbCIsIldUIjoyfQ%3D%3D%7C0%7C%7C%7C&amp;sdata=NFww04CkKJDvzCSYgv%2FxssyTazoKeiVUKZoLs1NnIpQ%3D&amp;reserved=0\">Carlos Gardel N<\/a>\u00b0&nbsp;<a rel=\"noreferrer noopener\" target=\"_blank\" href=\"https:\/\/na01.safelinks.protection.outlook.com\/?url=https%3A%2F%2Fwww.google.com%2Fmaps%2Fsearch%2FCarlos%2BGardel%2BN%2B1300%2C%2BLan%2Bs%2BOeste%3Fentry%3Dgmail%26source%3Dg&amp;data=05%7C02%7C%7Cac33fb61b4014867e3c608de61d18780%7C84df9e7fe9f640afb435aaaaaaaaaaaa%7C1%7C0%7C639055749827416928%7CUnknown%7CTWFpbGZsb3d8eyJFbXB0eU1hcGkiOnRydWUsIlYiOiIwLjAuMDAwMCIsIlAiOiJXaW4zMiIsIkFOIjoiTWFpbCIsIldUIjoyfQ%3D%3D%7C0%7C%7C%7C&amp;sdata=5ZAbHW0CEYyV%2Fx1rashdQn%2FZHlRw63yx5QLv3HMWDFA%3D&amp;reserved=0\">1300, Lan<\/a>\u00fa<a rel=\"noreferrer noopener\" target=\"_blank\" href=\"https:\/\/na01.safelinks.protection.outlook.com\/?url=https%3A%2F%2Fwww.google.com%2Fmaps%2Fsearch%2FCarlos%2BGardel%2BN%2B1300%2C%2BLan%2Bs%2BOeste%3Fentry%3Dgmail%26source%3Dg&amp;data=05%7C02%7C%7Cac33fb61b4014867e3c608de61d18780%7C84df9e7fe9f640afb435aaaaaaaaaaaa%7C1%7C0%7C639055749827437920%7CUnknown%7CTWFpbGZsb3d8eyJFbXB0eU1hcGkiOnRydWUsIlYiOiIwLjAuMDAwMCIsIlAiOiJXaW4zMiIsIkFOIjoiTWFpbCIsIldUIjoyfQ%3D%3D%7C0%7C%7C%7C&amp;sdata=%2FkArRSbyinM4sU1zbcqr%2BevgYRy83wtRWQHqwr9aYTw%3D&amp;reserved=0\">s Oeste<\/a>). El jueves 5 funcionar\u00e1 en las plazas Sarmiento (<a rel=\"noreferrer noopener\" target=\"_blank\" href=\"https:\/\/na01.safelinks.protection.outlook.com\/?url=https%3A%2F%2Fwww.google.com%2Fmaps%2Fsearch%2Favenida%2B9%2Bde%2BJulio%2BN%2B1900%2C%2BLan%2Bs%2BEste%3Fentry%3Dgmail%26source%3Dg&amp;data=05%7C02%7C%7Cac33fb61b4014867e3c608de61d18780%7C84df9e7fe9f640afb435aaaaaaaaaaaa%7C1%7C0%7C639055749827458989%7CUnknown%7CTWFpbGZsb3d8eyJFbXB0eU1hcGkiOnRydWUsIlYiOiIwLjAuMDAwMCIsIlAiOiJXaW4zMiIsIkFOIjoiTWFpbCIsIldUIjoyfQ%3D%3D%7C0%7C%7C%7C&amp;sdata=abuABbEzsjRbSv%2FKj9X5Lx5or8oXCAAesWqdMWvpEpg%3D&amp;reserved=0\">avenida 9 de Julio N<\/a>\u00b0&nbsp;<a rel=\"noreferrer noopener\" target=\"_blank\" href=\"https:\/\/na01.safelinks.protection.outlook.com\/?url=https%3A%2F%2Fwww.google.com%2Fmaps%2Fsearch%2Favenida%2B9%2Bde%2BJulio%2BN%2B1900%2C%2BLan%2Bs%2BEste%3Fentry%3Dgmail%26source%3Dg&amp;data=05%7C02%7C%7Cac33fb61b4014867e3c608de61d18780%7C84df9e7fe9f640afb435aaaaaaaaaaaa%7C1%7C0%7C639055749827480245%7CUnknown%7CTWFpbGZsb3d8eyJFbXB0eU1hcGkiOnRydWUsIlYiOiIwLjAuMDAwMCIsIlAiOiJXaW4zMiIsIkFOIjoiTWFpbCIsIldUIjoyfQ%3D%3D%7C0%7C%7C%7C&amp;sdata=sUrorjiEhPT7A7KsiLOChd%2BfrHOMn5nnDv418bcndrg%3D&amp;reserved=0\">1900, Lan<\/a>\u00fa<a rel=\"noreferrer noopener\" target=\"_blank\" href=\"https:\/\/na01.safelinks.protection.outlook.com\/?url=https%3A%2F%2Fwww.google.com%2Fmaps%2Fsearch%2Favenida%2B9%2Bde%2BJulio%2BN%2B1900%2C%2BLan%2Bs%2BEste%3Fentry%3Dgmail%26source%3Dg&amp;data=05%7C02%7C%7Cac33fb61b4014867e3c608de61d18780%7C84df9e7fe9f640afb435aaaaaaaaaaaa%7C1%7C0%7C639055749827501036%7CUnknown%7CTWFpbGZsb3d8eyJFbXB0eU1hcGkiOnRydWUsIlYiOiIwLjAuMDAwMCIsIlAiOiJXaW4zMiIsIkFOIjoiTWFpbCIsIldUIjoyfQ%3D%3D%7C0%7C%7C%7C&amp;sdata=fGCTwbLMZAIbKJOuVNZZ3VbIQEFKn3eFkUIxprlMdKQ%3D&amp;reserved=0\">s Este<\/a>) y Ricardo Rojas (<a rel=\"noreferrer noopener\" target=\"_blank\" href=\"https:\/\/na01.safelinks.protection.outlook.com\/?url=https%3A%2F%2Fwww.google.com%2Fmaps%2Fsearch%2FBustamante%2BN%2B900%2C%2BGerli%3Fentry%3Dgmail%26source%3Dg&amp;data=05%7C02%7C%7Cac33fb61b4014867e3c608de61d18780%7C84df9e7fe9f640afb435aaaaaaaaaaaa%7C1%7C0%7C639055749827522766%7CUnknown%7CTWFpbGZsb3d8eyJFbXB0eU1hcGkiOnRydWUsIlYiOiIwLjAuMDAwMCIsIlAiOiJXaW4zMiIsIkFOIjoiTWFpbCIsIldUIjoyfQ%3D%3D%7C0%7C%7C%7C&amp;sdata=Mrr9itwqfOKoVUEIwOPB7xpf0%2B5mVlAM24ojrt%2BjYm0%3D&amp;reserved=0\">Bustamante N<\/a>\u00b0&nbsp;<a rel=\"noreferrer noopener\" target=\"_blank\" href=\"https:\/\/na01.safelinks.protection.outlook.com\/?url=https%3A%2F%2Fwww.google.com%2Fmaps%2Fsearch%2FBustamante%2BN%2B900%2C%2BGerli%3Fentry%3Dgmail%26source%3Dg&amp;data=05%7C02%7C%7Cac33fb61b4014867e3c608de61d18780%7C84df9e7fe9f640afb435aaaaaaaaaaaa%7C1%7C0%7C639055749827543785%7CUnknown%7CTWFpbGZsb3d8eyJFbXB0eU1hcGkiOnRydWUsIlYiOiIwLjAuMDAwMCIsIlAiOiJXaW4zMiIsIkFOIjoiTWFpbCIsIldUIjoyfQ%3D%3D%7C0%7C%7C%7C&amp;sdata=mCBcP8%2BMBfj6xvCDwVoKHPslXEDjyaObrYWgnQDiFMY%3D&amp;reserved=0\">900, Gerli<\/a>).<\/p>\n\n\n\n<p>Est\u00e1 propuesta continuar\u00e1 el viernes 6 en las plazas San Mart\u00edn (<a rel=\"noreferrer noopener\" target=\"_blank\" href=\"https:\/\/na01.safelinks.protection.outlook.com\/?url=https%3A%2F%2Fwww.google.com%2Fmaps%2Fsearch%2FSantiago%2BPlaul%2BN%2B1900%3Fentry%3Dgmail%26source%3Dg&amp;data=05%7C02%7C%7Cac33fb61b4014867e3c608de61d18780%7C84df9e7fe9f640afb435aaaaaaaaaaaa%7C1%7C0%7C639055749827565443%7CUnknown%7CTWFpbGZsb3d8eyJFbXB0eU1hcGkiOnRydWUsIlYiOiIwLjAuMDAwMCIsIlAiOiJXaW4zMiIsIkFOIjoiTWFpbCIsIldUIjoyfQ%3D%3D%7C0%7C%7C%7C&amp;sdata=%2BnrEDlXfxXoqawJqr6SAX5Cl4UwxxsTQBKX77rCwtak%3D&amp;reserved=0\">Santiago Plaul N<\/a>\u00b0&nbsp;<a rel=\"noreferrer noopener\" target=\"_blank\" href=\"https:\/\/na01.safelinks.protection.outlook.com\/?url=https%3A%2F%2Fwww.google.com%2Fmaps%2Fsearch%2FSantiago%2BPlaul%2BN%2B1900%3Fentry%3Dgmail%26source%3Dg&amp;data=05%7C02%7C%7Cac33fb61b4014867e3c608de61d18780%7C84df9e7fe9f640afb435aaaaaaaaaaaa%7C1%7C0%7C639055749827586656%7CUnknown%7CTWFpbGZsb3d8eyJFbXB0eU1hcGkiOnRydWUsIlYiOiIwLjAuMDAwMCIsIlAiOiJXaW4zMiIsIkFOIjoiTWFpbCIsIldUIjoyfQ%3D%3D%7C0%7C%7C%7C&amp;sdata=mVdLdwGhLDC4Nt8jv0AQ4ijT6MVqQKJk5H93bduz1f0%3D&amp;reserved=0\">1900<\/a>) y Capit\u00e1n de los Andes de&nbsp;<a rel=\"noreferrer noopener\" target=\"_blank\" href=\"https:\/\/na01.safelinks.protection.outlook.com\/?url=https%3A%2F%2Fwww.google.com%2Fmaps%2Fsearch%2FLan%2Bs%2BOeste%2B(avenida%2BHip%2Blito%2BYrigoyen%2BN%2B3863%3Fentry%3Dgmail%26source%3Dg&amp;data=05%7C02%7C%7Cac33fb61b4014867e3c608de61d18780%7C84df9e7fe9f640afb435aaaaaaaaaaaa%7C1%7C0%7C639055749827607252%7CUnknown%7CTWFpbGZsb3d8eyJFbXB0eU1hcGkiOnRydWUsIlYiOiIwLjAuMDAwMCIsIlAiOiJXaW4zMiIsIkFOIjoiTWFpbCIsIldUIjoyfQ%3D%3D%7C0%7C%7C%7C&amp;sdata=GRliYfoA%2B6qUmc5uuL8rDOrpN0h2WPgTJxSQj8u4CZk%3D&amp;reserved=0\">Lan<\/a>\u00fa<a rel=\"noreferrer noopener\" target=\"_blank\" href=\"https:\/\/na01.safelinks.protection.outlook.com\/?url=https%3A%2F%2Fwww.google.com%2Fmaps%2Fsearch%2FLan%2Bs%2BOeste%2B(avenida%2BHip%2Blito%2BYrigoyen%2BN%2B3863%3Fentry%3Dgmail%26source%3Dg&amp;data=05%7C02%7C%7Cac33fb61b4014867e3c608de61d18780%7C84df9e7fe9f640afb435aaaaaaaaaaaa%7C1%7C0%7C639055749827628350%7CUnknown%7CTWFpbGZsb3d8eyJFbXB0eU1hcGkiOnRydWUsIlYiOiIwLjAuMDAwMCIsIlAiOiJXaW4zMiIsIkFOIjoiTWFpbCIsIldUIjoyfQ%3D%3D%7C0%7C%7C%7C&amp;sdata=vaumGkaZoblWweUpUuNMU35wBuoGfG7EnpF%2FjIYlv5w%3D&amp;reserved=0\">s Oeste (avenida Hip<\/a>\u00f3<a rel=\"noreferrer noopener\" target=\"_blank\" href=\"https:\/\/na01.safelinks.protection.outlook.com\/?url=https%3A%2F%2Fwww.google.com%2Fmaps%2Fsearch%2FLan%2Bs%2BOeste%2B(avenida%2BHip%2Blito%2BYrigoyen%2BN%2B3863%3Fentry%3Dgmail%26source%3Dg&amp;data=05%7C02%7C%7Cac33fb61b4014867e3c608de61d18780%7C84df9e7fe9f640afb435aaaaaaaaaaaa%7C1%7C0%7C639055749827649506%7CUnknown%7CTWFpbGZsb3d8eyJFbXB0eU1hcGkiOnRydWUsIlYiOiIwLjAuMDAwMCIsIlAiOiJXaW4zMiIsIkFOIjoiTWFpbCIsIldUIjoyfQ%3D%3D%7C0%7C%7C%7C&amp;sdata=M8SKV%2FJJ8q329HIEvd4bj%2Bjo6gSUBb%2B%2FsFK%2BDws9kUc%3D&amp;reserved=0\">lito Yrigoyen N<\/a>\u00b0&nbsp;<a rel=\"noreferrer noopener\" target=\"_blank\" href=\"https:\/\/na01.safelinks.protection.outlook.com\/?url=https%3A%2F%2Fwww.google.com%2Fmaps%2Fsearch%2FLan%2Bs%2BOeste%2B(avenida%2BHip%2Blito%2BYrigoyen%2BN%2B3863%3Fentry%3Dgmail%26source%3Dg&amp;data=05%7C02%7C%7Cac33fb61b4014867e3c608de61d18780%7C84df9e7fe9f640afb435aaaaaaaaaaaa%7C1%7C0%7C639055749827670248%7CUnknown%7CTWFpbGZsb3d8eyJFbXB0eU1hcGkiOnRydWUsIlYiOiIwLjAuMDAwMCIsIlAiOiJXaW4zMiIsIkFOIjoiTWFpbCIsIldUIjoyfQ%3D%3D%7C0%7C%7C%7C&amp;sdata=3zOhVye1rcM1QsxvrEQ1%2FrkuAyyR07cZFRoq4Z6J4s4%3D&amp;reserved=0\">3863<\/a>). Finalmente, el operativo cerrar\u00e1 el s\u00e1bado 7 en la plaza Auyero (Ram\u00f3n Cabrero y C\u00f3rdoba, Remedios de Escalada), de 10 a 17.<\/p>\n\n\n\n<p>En cada una de las postas se recibir\u00e1n residuos limpios y secos como vidrio entero, cart\u00f3n, papel, metal y pl\u00e1stico. Adem\u00e1s, se aceptar\u00e1n residuos de aparatos el\u00e9ctricos y electr\u00f3nicos (RAEEs), y quienes lo deseen podr\u00e1n retirar semillas de temporada.<\/p>\n\n\n\n<p>Cabe destacar que, en caso de lluvia, las actividades quedar\u00e1n suspendidas.<\/p>\n","protected":false},"excerpt":{"rendered":"<p>Lan\u00fas Gobierno informa que desde el lunes 2 al s\u00e1bado 7 de febrero se llevar\u00e1&#8230;<\/p>\n","protected":false},"author":1,"featured_media":81241,"comment_status":"closed","ping_status":"closed","sticky":false,"template":"","format":"standard","meta":{"footnotes":""},"categories":[33,3],"tags":[],"class_list":["post-81240","post","type-post","status-publish","format-standard","has-post-thumbnail","hentry","category-destacados","category-informacion-general"],"_links":{"self":[{"href":"https:\/\/conurbanodiario.com.ar\/index.php?rest_route=\/wp\/v2\/posts\/81240","targetHints":{"allow":["GET"]}}],"collection":[{"href":"https:\/\/conurbanodiario.com.ar\/index.php?rest_route=\/wp\/v2\/posts"}],"about":[{"href":"https:\/\/conurbanodiario.com.ar\/index.php?rest_route=\/wp\/v2\/types\/post"}],"author":[{"embeddable":true,"href":"https:\/\/conurbanodiario.com.ar\/index.php?rest_route=\/wp\/v2\/users\/1"}],"replies":[{"embeddable":true,"href":"https:\/\/conurbanodiario.com.ar\/index.php?rest_route=%2Fwp%2Fv2%2Fcomments&post=81240"}],"version-history":[{"count":1,"href":"https:\/\/conurbanodiario.com.ar\/index.php?rest_route=\/wp\/v2\/posts\/81240\/revisions"}],"predecessor-version":[{"id":81242,"href":"https:\/\/conurbanodiario.com.ar\/index.php?rest_route=\/wp\/v2\/posts\/81240\/revisions\/81242"}],"wp:featuredmedia":[{"embeddable":true,"href":"https:\/\/conurbanodiario.com.ar\/index.php?rest_route=\/wp\/v2\/media\/81241"}],"wp:attachment":[{"href":"https:\/\/conurbanodiario.com.ar\/index.php?rest_route=%2Fwp%2Fv2%2Fmedia&parent=81240"}],"wp:term":[{"taxonomy":"category","embeddable":true,"href":"https:\/\/conurbanodiario.com.ar\/index.php?rest_route=%2Fwp%2Fv2%2Fcategories&post=81240"},{"taxonomy":"post_tag","embeddable":true,"href":"https:\/\/conurbanodiario.com.ar\/index.php?rest_route=%2Fwp%2Fv2%2Ftags&post=81240"}],"curies":[{"name":"wp","href":"https:\/\/api.w.org\/{rel}","templated":true}]}}