{"id":81182,"date":"2026-01-26T15:38:08","date_gmt":"2026-01-26T18:38:08","guid":{"rendered":"https:\/\/conurbanodiario.com.ar\/?p=81182"},"modified":"2026-01-26T15:38:09","modified_gmt":"2026-01-26T18:38:09","slug":"ataco-a-tiros-a-un-padre-y-a-su-hijo-y-fue-detenido","status":"publish","type":"post","link":"https:\/\/conurbanodiario.com.ar\/?p=81182","title":{"rendered":"ATAC\u00d3 A TIROS A UN PADRE Y A SU HIJO Y FUE DETENIDO"},"content":{"rendered":"\n<p>Un hombre fue detenido acusado de haber atacado a tiros a un padre y a su hijo en el partido bonaerense de Avellaneda hace dos meses y la captura se logr\u00f3 tras una serie de allanamientos.<\/p>\n\n\n\n<p>El 26 de noviembre de 2025 Jorge Luis Barraza y su hijo sal\u00edan de su casa en Lan\u00fas cuando fueron interceptados por dos hombres que circulaban en un auto Volkswagen Fox gris que, sin mediar palabras, les efectuaron varios disparos con armas de fuego.<\/p>\n\n\n\n<p>Producto del ataque, el hombre, de 30 a\u00f1os, result\u00f3 herido en el rostro, por lo que fue trasladado al Hospital local, donde fue operado y luego dado de alta, confirmaron a la Agencia Noticias Argentinas.<\/p>\n\n\n\n<p>Tras la denuncia radicada, personal de la SubDDI Lan\u00fas, junto a Grupo T\u00e1ctico de Operaciones de la Comisar\u00eda Lan\u00fas 5ta., realizaron un an\u00e1lisis de las c\u00e1maras de seguridad, lo que permiti\u00f3 identificar el veh\u00edculo involucrado en el hecho y a los dos autores.<\/p>\n\n\n\n<p>De este modo, la UFIYJ N\u00b06 de Avellaneda, a cargo del fiscal Mart\u00edn Rodr\u00edguez, orden\u00f3 tres allanamientos y detenciones.<\/p>\n\n\n\n<p>Este lunes se concretaron los operativos en Lan\u00fas y Lomas de Zamora, lo que permiti\u00f3 la captura de uno de los autores del hecho, quedando en calidad de pr\u00f3fugo el restante (Leandro Agustin Herrera) y el detenido fue identificado como Hugo Osvaldo Coman, de 24 a\u00f1os.<\/p>\n\n\n\n<p>En el lugar, se secuestraron un auto Volkswagen Fox gris, una pistola con pedido de secuestro, 10 celulares y 14 cartuchos de un arma calibre 9 mm.<\/p>\n","protected":false},"excerpt":{"rendered":"<p>Un hombre fue detenido acusado de haber atacado a tiros a un padre y a&#8230;<\/p>\n","protected":false},"author":1,"featured_media":81183,"comment_status":"closed","ping_status":"closed","sticky":false,"template":"","format":"standard","meta":{"footnotes":""},"categories":[10],"tags":[],"class_list":["post-81182","post","type-post","status-publish","format-standard","has-post-thumbnail","hentry","category-seguridad"],"_links":{"self":[{"href":"https:\/\/conurbanodiario.com.ar\/index.php?rest_route=\/wp\/v2\/posts\/81182","targetHints":{"allow":["GET"]}}],"collection":[{"href":"https:\/\/conurbanodiario.com.ar\/index.php?rest_route=\/wp\/v2\/posts"}],"about":[{"href":"https:\/\/conurbanodiario.com.ar\/index.php?rest_route=\/wp\/v2\/types\/post"}],"author":[{"embeddable":true,"href":"https:\/\/conurbanodiario.com.ar\/index.php?rest_route=\/wp\/v2\/users\/1"}],"replies":[{"embeddable":true,"href":"https:\/\/conurbanodiario.com.ar\/index.php?rest_route=%2Fwp%2Fv2%2Fcomments&post=81182"}],"version-history":[{"count":1,"href":"https:\/\/conurbanodiario.com.ar\/index.php?rest_route=\/wp\/v2\/posts\/81182\/revisions"}],"predecessor-version":[{"id":81184,"href":"https:\/\/conurbanodiario.com.ar\/index.php?rest_route=\/wp\/v2\/posts\/81182\/revisions\/81184"}],"wp:featuredmedia":[{"embeddable":true,"href":"https:\/\/conurbanodiario.com.ar\/index.php?rest_route=\/wp\/v2\/media\/81183"}],"wp:attachment":[{"href":"https:\/\/conurbanodiario.com.ar\/index.php?rest_route=%2Fwp%2Fv2%2Fmedia&parent=81182"}],"wp:term":[{"taxonomy":"category","embeddable":true,"href":"https:\/\/conurbanodiario.com.ar\/index.php?rest_route=%2Fwp%2Fv2%2Fcategories&post=81182"},{"taxonomy":"post_tag","embeddable":true,"href":"https:\/\/conurbanodiario.com.ar\/index.php?rest_route=%2Fwp%2Fv2%2Ftags&post=81182"}],"curies":[{"name":"wp","href":"https:\/\/api.w.org\/{rel}","templated":true}]}}