{"id":81076,"date":"2026-01-23T16:17:46","date_gmt":"2026-01-23T19:17:46","guid":{"rendered":"https:\/\/conurbanodiario.com.ar\/?p=81076"},"modified":"2026-01-25T19:22:29","modified_gmt":"2026-01-25T22:22:29","slug":"el-consumo-masivo-no-logra-consolidar-una-recuperacion-segun-datos-privados","status":"publish","type":"post","link":"https:\/\/conurbanodiario.com.ar\/?p=81076","title":{"rendered":"EL CONSUMO MASIVO NO LOGRA CONSOLIDAR UNA RECUPERACI\u00d3N, SEG\u00daN DATOS PRIVADOS"},"content":{"rendered":"\n<p>El consumo masivo registr\u00f3 un leve crecimiento de 2% en 2025 con relaci\u00f3n a 2024, pero con un fin de a\u00f1o en declive, al tiempo que se observa una consolidaci\u00f3n del cambio en la forma de compras.<\/p>\n\n\n\n<p>El saldo anual termin\u00f3 en terreno positivo, pero en diciembre \u2013mes de mayor nivel de consumo por las fiestas- hubo una baja de 0,3%, que coincide con las quejas de las empresas y comercios y que se reflejaron en informes sectoriales.<\/p>\n\n\n\n<p>Los sectores m\u00e1s afectados fueron los supermercados tradicionales y los mayoristas, mientras que los locales de cercan\u00eda, las farmacias y los kioscos tuvieron un mejor desempe\u00f1o.<\/p>\n\n\n\n<p>Seg\u00fan un trabajo de la consultora Scentia que recibi\u00f3 la Agencia Noticias Argentinas, durante diciembre los supermercados vendieron 4% menos que un a\u00f1o atr\u00e1s y en todo el a\u00f1o pasado las ventas disminuyeron 5,2%.<\/p>\n\n\n\n<p>En el caso de los mayoristas, la baja interanual en diciembre fue de 0,5% y en el a\u00f1o se verific\u00f3 un desplome de 5%.<\/p>\n\n\n\n<p>En contrapartida, los autoservicios independientes mejoraron 2,9% en diciembre y pudieron dar vuelta el a\u00f1o que termin\u00f3 con un leve alza estad\u00edstica de 0,1%.<\/p>\n\n\n\n<p>En \u201ckioscos y tiendas\u201d hubo un avance de 0,3% interanual y 9,1% en todo 2025 contra 2024.<\/p>\n\n\n\n<p>En lo que respecta a las farmacias \u2013donde las compras de fin de a\u00f1o ayudan- se detect\u00f3 una ca\u00edda interanual en diciembre de 1,9%, pero en el a\u00f1o suben 2,3%.<\/p>\n\n\n\n<p>El mayor incremento se observa en el e-commerce con mejoras de 32,3% en el mes y 14,1% en el a\u00f1o.<\/p>\n","protected":false},"excerpt":{"rendered":"<p>El consumo masivo registr\u00f3 un leve crecimiento de 2% en 2025 con relaci\u00f3n a 2024,&#8230;<\/p>\n","protected":false},"author":1,"featured_media":81077,"comment_status":"closed","ping_status":"closed","sticky":false,"template":"","format":"standard","meta":{"footnotes":""},"categories":[5],"tags":[],"class_list":["post-81076","post","type-post","status-publish","format-standard","has-post-thumbnail","hentry","category-el-pais"],"_links":{"self":[{"href":"https:\/\/conurbanodiario.com.ar\/index.php?rest_route=\/wp\/v2\/posts\/81076","targetHints":{"allow":["GET"]}}],"collection":[{"href":"https:\/\/conurbanodiario.com.ar\/index.php?rest_route=\/wp\/v2\/posts"}],"about":[{"href":"https:\/\/conurbanodiario.com.ar\/index.php?rest_route=\/wp\/v2\/types\/post"}],"author":[{"embeddable":true,"href":"https:\/\/conurbanodiario.com.ar\/index.php?rest_route=\/wp\/v2\/users\/1"}],"replies":[{"embeddable":true,"href":"https:\/\/conurbanodiario.com.ar\/index.php?rest_route=%2Fwp%2Fv2%2Fcomments&post=81076"}],"version-history":[{"count":1,"href":"https:\/\/conurbanodiario.com.ar\/index.php?rest_route=\/wp\/v2\/posts\/81076\/revisions"}],"predecessor-version":[{"id":81078,"href":"https:\/\/conurbanodiario.com.ar\/index.php?rest_route=\/wp\/v2\/posts\/81076\/revisions\/81078"}],"wp:featuredmedia":[{"embeddable":true,"href":"https:\/\/conurbanodiario.com.ar\/index.php?rest_route=\/wp\/v2\/media\/81077"}],"wp:attachment":[{"href":"https:\/\/conurbanodiario.com.ar\/index.php?rest_route=%2Fwp%2Fv2%2Fmedia&parent=81076"}],"wp:term":[{"taxonomy":"category","embeddable":true,"href":"https:\/\/conurbanodiario.com.ar\/index.php?rest_route=%2Fwp%2Fv2%2Fcategories&post=81076"},{"taxonomy":"post_tag","embeddable":true,"href":"https:\/\/conurbanodiario.com.ar\/index.php?rest_route=%2Fwp%2Fv2%2Ftags&post=81076"}],"curies":[{"name":"wp","href":"https:\/\/api.w.org\/{rel}","templated":true}]}}