{"id":80946,"date":"2026-01-23T13:10:39","date_gmt":"2026-01-23T16:10:39","guid":{"rendered":"https:\/\/conurbanodiario.com.ar\/?p=80946"},"modified":"2026-01-25T19:22:34","modified_gmt":"2026-01-25T22:22:34","slug":"continuan-las-obras-de-pavimentacion-de-40-nuevas-cuadras-en-los-barrios-la-canada-y-kolynos-de-quilmes-oeste","status":"publish","type":"post","link":"https:\/\/conurbanodiario.com.ar\/?p=80946","title":{"rendered":"CONTIN\u00daAN LAS OBRAS DE PAVIMENTACI\u00d3N DE 40 NUEVAS CUADRAS EN LOS BARRIOS LA CA\u00d1ADA Y KOLYNOS DE QUILMES OESTE"},"content":{"rendered":"\n<p>Contin\u00faan avanzando las obras de pavimentaci\u00f3n en Quilmes Oeste, con la construcci\u00f3n de 40 nuevas cuadras de asfalto, 27 en el barrio La Ca\u00f1ada, y otras 13 en el Kolynos, que est\u00e1 llevando adelante el Municipio de Quilmes con fondos propios, y que en la jornada del jueves, contaron con la supervisi\u00f3n de la intendenta interina local, Eva Mieri, quien charl\u00f3 con vecinos y vecinas de la zona.<\/p>\n\n\n\n<p>\u201cEra una demanda hist\u00f3rica para estos barrios, y venimos no solo a compartir la alegr\u00eda de que hoy haya llegado el pavimento a la puerta de cada casa, sino tambi\u00e9n agradecerles la paciencia. Nosotras, si hay algo que nos ense\u00f1\u00f3 Mayra, es a no prometer, sino a comprometernos, y ese compromiso hoy est\u00e1 materializado en estas 40 cuadras que vamos a estar finalizando pronto\u201d, sostuvo Eva Mieri, acompa\u00f1ada por la secretaria de Desarrollo Urbano y Obra P\u00fablica, Ceci Soler.<\/p>\n\n\n\n<p>El proyecto en cuesti\u00f3n corresponde a la pavimentaci\u00f3n en hormig\u00f3n en los barrios Kolynos y La Ca\u00f1ada, de Quilmes Oeste. La obra se desarrollar\u00e1 a lo largo de 40 cuadras que servir\u00e1n para completar la conectividad de los barrios mencionados mejorando adem\u00e1s aspectos de sanidad e inundabilidad al eliminar zanjas y estancamientos de agua. Se construir\u00e1 tambi\u00e9n toda la obra hidr\u00e1ulica correspondiente.<\/p>\n\n\n\n<p>Fueron varias las vecinas y vecinos que se acercaron para acompa\u00f1ar la recorrida. Una de ellas, Ana D\u00edaz, coment\u00f3 que \u201chace muchos a\u00f1os que vivo en La Ca\u00f1ada y el pavimento para nosotros significa mucho, porque va a poder entrar una ambulancia o un rem\u00eds, que uno muchas veces ped\u00eda y no pod\u00edan\u201d. En esa l\u00ednea, Carlos D\u00edaz, dijo: \u201cEsto cambia totalmente el barrio. Hace 15 a\u00f1os que vivo ac\u00e1 y esto era todo tierra. Vamos a tener otra calidad de vida y nos pone muy contentos el asfalto que est\u00e1 haciendo la Municipalidad\u201d.<\/p>\n\n\n\n<p>Participaron tambi\u00e9n de la actividad el subsecretario de Obras, Ramiro Beltrani; la directora de Obras e Infraestructura, Paula Benain, y el concejal de FP, Pedro G\u00f3mez.<\/p>\n","protected":false},"excerpt":{"rendered":"<p>Contin\u00faan avanzando las obras de pavimentaci\u00f3n en Quilmes Oeste, con la construcci\u00f3n de 40 nuevas&#8230;<\/p>\n","protected":false},"author":1,"featured_media":80947,"comment_status":"closed","ping_status":"closed","sticky":false,"template":"","format":"standard","meta":{"footnotes":""},"categories":[3],"tags":[],"class_list":["post-80946","post","type-post","status-publish","format-standard","has-post-thumbnail","hentry","category-informacion-general"],"_links":{"self":[{"href":"https:\/\/conurbanodiario.com.ar\/index.php?rest_route=\/wp\/v2\/posts\/80946","targetHints":{"allow":["GET"]}}],"collection":[{"href":"https:\/\/conurbanodiario.com.ar\/index.php?rest_route=\/wp\/v2\/posts"}],"about":[{"href":"https:\/\/conurbanodiario.com.ar\/index.php?rest_route=\/wp\/v2\/types\/post"}],"author":[{"embeddable":true,"href":"https:\/\/conurbanodiario.com.ar\/index.php?rest_route=\/wp\/v2\/users\/1"}],"replies":[{"embeddable":true,"href":"https:\/\/conurbanodiario.com.ar\/index.php?rest_route=%2Fwp%2Fv2%2Fcomments&post=80946"}],"version-history":[{"count":1,"href":"https:\/\/conurbanodiario.com.ar\/index.php?rest_route=\/wp\/v2\/posts\/80946\/revisions"}],"predecessor-version":[{"id":80948,"href":"https:\/\/conurbanodiario.com.ar\/index.php?rest_route=\/wp\/v2\/posts\/80946\/revisions\/80948"}],"wp:featuredmedia":[{"embeddable":true,"href":"https:\/\/conurbanodiario.com.ar\/index.php?rest_route=\/wp\/v2\/media\/80947"}],"wp:attachment":[{"href":"https:\/\/conurbanodiario.com.ar\/index.php?rest_route=%2Fwp%2Fv2%2Fmedia&parent=80946"}],"wp:term":[{"taxonomy":"category","embeddable":true,"href":"https:\/\/conurbanodiario.com.ar\/index.php?rest_route=%2Fwp%2Fv2%2Fcategories&post=80946"},{"taxonomy":"post_tag","embeddable":true,"href":"https:\/\/conurbanodiario.com.ar\/index.php?rest_route=%2Fwp%2Fv2%2Ftags&post=80946"}],"curies":[{"name":"wp","href":"https:\/\/api.w.org\/{rel}","templated":true}]}}