{"id":80943,"date":"2026-01-26T01:01:00","date_gmt":"2026-01-26T04:01:00","guid":{"rendered":"https:\/\/conurbanodiario.com.ar\/?p=80943"},"modified":"2026-01-25T13:10:06","modified_gmt":"2026-01-25T16:10:06","slug":"el-municipio-de-quilmes-prorroga-hasta-el-6-de-febrero-el-pago-anual-de-la-tasa-sum-2026-y-obtener-un-descuento-del-25-con-diciembre-bonificado","status":"publish","type":"post","link":"https:\/\/conurbanodiario.com.ar\/?p=80943","title":{"rendered":"EL MUNICIPIO DE QUILMES PRORROGA HASTA EL 6 DE FEBRERO EL PAGO ANUAL DE LA TASA SUM 2026 Y OBTENER UN DESCUENTO DEL 25% CON DICIEMBRE BONIFICADO"},"content":{"rendered":"\n<p>El Municipio de Quilmes informa a todos los contribuyentes que se prorroga hasta el viernes 6 de febrero el pago anual de la tasa por Servicios Urbanos Municipales (Tasa SUM) 2026, con un descuento excepcional del 25% sobre el total y la bonificaci\u00f3n de la cuota de diciembre.<\/p>\n\n\n\n<p>A su vez, puede realizarse el pago de esta tasa referido al primer semestre, hasta el 10 de febrero, y del segundo semestre hasta el 14 de julio, respectivamente. En cuanto a la Tasa de Seguridad e Higiene, los vencimientos durante este a\u00f1o ser\u00e1n los siguientes: 28 de enero, 19 de febrero, 16 de marzo, 16 de abril, 19 de mayo, 16 de junio, 16 de julio, 18 de agosto, 18 septiembre, 16 de octubre, 17 de noviembre, 22 de diciembre.<\/p>\n\n\n\n<p>Tambi\u00e9n, y en base al decreto dictado por la Intendenta Municipal, Mayra Mendoza, el 9 de diciembre de este a\u00f1o, se procede a eximir de la Tasa SUM a jubilados y jubiladas que perciban de salario hasta 3 jubilaciones m\u00ednimas, con el objetivo de llevar mayor equidad y simplicidad a los vecinos y vecinas de la comuna.<\/p>\n\n\n\n<p>Entre otros beneficios tambi\u00e9n se encuentran la exenci\u00f3n de impuesto automotor para personas con discapacidad, con los siguientes requisitos: documento \u00fanico; Certificado de Discapacidad (expedido por el Ministerio de Salud de la Provincia de Buenos Aires o por el Ministerio de la Naci\u00f3n); T\u00edtulo de Propiedad Automotor; en caso de que el\/la solicitante no sea la persona con discapacidad deber\u00e1 acreditar el v\u00ednculo, y si hay hijos\/as menores de edad, ser\u00e1 necesario presentar partida o acta de nacimiento.<\/p>\n\n\n\n<p>Adem\u00e1s, se suma a estas facilidades de pago, el nuevo plan que cuenta con quitas de hasta el 70% de intereses para quienes financien su deuda de tasas municipales, con fecha l\u00edmite hasta el 30 de abril.<\/p>\n","protected":false},"excerpt":{"rendered":"<p>El Municipio de Quilmes informa a todos los contribuyentes que se prorroga hasta el viernes&#8230;<\/p>\n","protected":false},"author":1,"featured_media":80944,"comment_status":"closed","ping_status":"closed","sticky":false,"template":"","format":"standard","meta":{"footnotes":""},"categories":[33,3],"tags":[],"class_list":["post-80943","post","type-post","status-publish","format-standard","has-post-thumbnail","hentry","category-destacados","category-informacion-general"],"_links":{"self":[{"href":"https:\/\/conurbanodiario.com.ar\/index.php?rest_route=\/wp\/v2\/posts\/80943","targetHints":{"allow":["GET"]}}],"collection":[{"href":"https:\/\/conurbanodiario.com.ar\/index.php?rest_route=\/wp\/v2\/posts"}],"about":[{"href":"https:\/\/conurbanodiario.com.ar\/index.php?rest_route=\/wp\/v2\/types\/post"}],"author":[{"embeddable":true,"href":"https:\/\/conurbanodiario.com.ar\/index.php?rest_route=\/wp\/v2\/users\/1"}],"replies":[{"embeddable":true,"href":"https:\/\/conurbanodiario.com.ar\/index.php?rest_route=%2Fwp%2Fv2%2Fcomments&post=80943"}],"version-history":[{"count":1,"href":"https:\/\/conurbanodiario.com.ar\/index.php?rest_route=\/wp\/v2\/posts\/80943\/revisions"}],"predecessor-version":[{"id":80945,"href":"https:\/\/conurbanodiario.com.ar\/index.php?rest_route=\/wp\/v2\/posts\/80943\/revisions\/80945"}],"wp:featuredmedia":[{"embeddable":true,"href":"https:\/\/conurbanodiario.com.ar\/index.php?rest_route=\/wp\/v2\/media\/80944"}],"wp:attachment":[{"href":"https:\/\/conurbanodiario.com.ar\/index.php?rest_route=%2Fwp%2Fv2%2Fmedia&parent=80943"}],"wp:term":[{"taxonomy":"category","embeddable":true,"href":"https:\/\/conurbanodiario.com.ar\/index.php?rest_route=%2Fwp%2Fv2%2Fcategories&post=80943"},{"taxonomy":"post_tag","embeddable":true,"href":"https:\/\/conurbanodiario.com.ar\/index.php?rest_route=%2Fwp%2Fv2%2Ftags&post=80943"}],"curies":[{"name":"wp","href":"https:\/\/api.w.org\/{rel}","templated":true}]}}