{"id":80931,"date":"2026-01-23T17:54:00","date_gmt":"2026-01-23T20:54:00","guid":{"rendered":"https:\/\/conurbanodiario.com.ar\/?p=80931"},"modified":"2026-01-25T19:22:29","modified_gmt":"2026-01-25T22:22:29","slug":"comenzaron-los-tradicionales-patios-de-tango-y-folclore-en-berazategui","status":"publish","type":"post","link":"https:\/\/conurbanodiario.com.ar\/?p=80931","title":{"rendered":"COMENZARON LOS TRADICIONALES PATIOS DE TANGO Y FOLCLORE EN BERAZATEGUI"},"content":{"rendered":"\n<p>Como parte del Ciclo de Verano 2026, comenzaron los tradicionales Patios de Tango y Folclore con la presentaci\u00f3n de Gustavo Ser\u00e1 y la Orquesta Municipal de Tango. De esta manera, todos los viernes de enero y febrero, con entrada libre y gratuita, los vecinos y vecinas podr\u00e1n acercarse al Centro Municipal de Actividades Roberto De Vicenzo para bailar y disfrutar de distintos shows y de una variada propuesta gastron\u00f3mica.<\/p>\n\n\n\n<p>\u201cEl Patio de Tango y Folclore es un cl\u00e1sico del Ciclo de Verano que desde hace muchos a\u00f1os se realiza en Berazategui. Lo comenz\u00f3 Juan Jos\u00e9 Mussi y hoy lo contin\u00faa el intendente Carlos Balor. Los vecinos y vecinas tienen la oportunidad de vivir la cultura en su ciudad, como en el caso de este patio, donde escuchan m\u00fasica, bailan y disfrutan de shows en vivo, todo con entrada gratuita\u201d, explic\u00f3 el secretario de Cultura y Educaci\u00f3n, Federico L\u00f3pez.<\/p>\n\n\n\n<p>Este tradicional evento comenz\u00f3 a realizarse en 2001 en el Complejo Cultural Municipal El Patio. Sin embargo, debido al \u00e9xito de la propuesta y a la concurrencia masiva, en 2016 se traslad\u00f3 al Centro Municipal de Actividades Roberto De Vicenzo. Este espect\u00e1culo constituye un espacio de encuentro y participaci\u00f3n, con la presentaci\u00f3n en vivo de artistas locales e invitados, adem\u00e1s de una propuesta gastron\u00f3mica a cargo de food trucks.<\/p>\n\n\n\n<p>Para conocer el cronograma completo, se puede ingresar a berazategui.gob.ar\/cultura.<\/p>\n","protected":false},"excerpt":{"rendered":"<p>Como parte del Ciclo de Verano 2026, comenzaron los tradicionales Patios de Tango y Folclore&#8230;<\/p>\n","protected":false},"author":1,"featured_media":80932,"comment_status":"closed","ping_status":"closed","sticky":false,"template":"","format":"standard","meta":{"footnotes":""},"categories":[8],"tags":[],"class_list":["post-80931","post","type-post","status-publish","format-standard","has-post-thumbnail","hentry","category-cultura"],"_links":{"self":[{"href":"https:\/\/conurbanodiario.com.ar\/index.php?rest_route=\/wp\/v2\/posts\/80931","targetHints":{"allow":["GET"]}}],"collection":[{"href":"https:\/\/conurbanodiario.com.ar\/index.php?rest_route=\/wp\/v2\/posts"}],"about":[{"href":"https:\/\/conurbanodiario.com.ar\/index.php?rest_route=\/wp\/v2\/types\/post"}],"author":[{"embeddable":true,"href":"https:\/\/conurbanodiario.com.ar\/index.php?rest_route=\/wp\/v2\/users\/1"}],"replies":[{"embeddable":true,"href":"https:\/\/conurbanodiario.com.ar\/index.php?rest_route=%2Fwp%2Fv2%2Fcomments&post=80931"}],"version-history":[{"count":1,"href":"https:\/\/conurbanodiario.com.ar\/index.php?rest_route=\/wp\/v2\/posts\/80931\/revisions"}],"predecessor-version":[{"id":80933,"href":"https:\/\/conurbanodiario.com.ar\/index.php?rest_route=\/wp\/v2\/posts\/80931\/revisions\/80933"}],"wp:featuredmedia":[{"embeddable":true,"href":"https:\/\/conurbanodiario.com.ar\/index.php?rest_route=\/wp\/v2\/media\/80932"}],"wp:attachment":[{"href":"https:\/\/conurbanodiario.com.ar\/index.php?rest_route=%2Fwp%2Fv2%2Fmedia&parent=80931"}],"wp:term":[{"taxonomy":"category","embeddable":true,"href":"https:\/\/conurbanodiario.com.ar\/index.php?rest_route=%2Fwp%2Fv2%2Fcategories&post=80931"},{"taxonomy":"post_tag","embeddable":true,"href":"https:\/\/conurbanodiario.com.ar\/index.php?rest_route=%2Fwp%2Fv2%2Ftags&post=80931"}],"curies":[{"name":"wp","href":"https:\/\/api.w.org\/{rel}","templated":true}]}}