{"id":80910,"date":"2026-01-26T01:07:00","date_gmt":"2026-01-26T04:07:00","guid":{"rendered":"https:\/\/conurbanodiario.com.ar\/?p=80910"},"modified":"2026-01-25T12:27:59","modified_gmt":"2026-01-25T15:27:59","slug":"la-nueva-camiseta-de-racing-tiene-fecha-de-estreno-y-debutara-en-el-clasico-de-avellaneda","status":"publish","type":"post","link":"https:\/\/conurbanodiario.com.ar\/?p=80910","title":{"rendered":"LA NUEVA CAMISETA DE RACING TIENE FECHA DE ESTRENO Y DEBUTAR\u00c1 EN EL CL\u00c1SICO DE AVELLANEDA"},"content":{"rendered":"\n<p>La espera termin\u00f3 y la ansiedad de los hinchas de Racing Club ya tiene una fecha marcada en el calendario. Tras meses de especulaciones, la dirigencia oficializ\u00f3 cu\u00e1ndo comenzar\u00e1 el v\u00ednculo con Nike: ser\u00e1 a partir del 1 de abril, y el debut de la nueva piel se dar\u00e1 en el escenario m\u00e1s exigente posible, el Cl\u00e1sico de Avellaneda.<\/p>\n\n\n\n<p>Seg\u00fan supo la Agencia Noticias Argentinas, la confirmaci\u00f3n lleg\u00f3 a trav\u00e9s de Gustavo Dom\u00ednguez, dirigente a cargo del Departamento de Marketing de la instituci\u00f3n, quien explic\u00f3 los motivos log\u00edsticos del plazo. \u00abRacing va a salir a la cancha con Nike a partir del 1 de abril porque la demanda de producci\u00f3n es de 9 meses. Hasta ese momento, Kappa seguir\u00e1 vistiendo al club\u00bb, detall\u00f3 en declaraciones al medio partidario Racing Man\u00edacos.<\/p>\n\n\n\n<h2 class=\"wp-block-heading\">Estreno de fuego ante el Rojo<\/h2>\n\n\n\n<p>El calendario del torneo local le regal\u00f3 a la marca estadounidense un lanzamiento de alto impacto. Si bien el contrato entra en vigencia el primer d\u00eda de abril, el estreno en el campo de juego ser\u00e1 el fin de semana del 4 o 5 de abril, coincidiendo con la Fecha 13 del campeonato, donde la Academia enfrentar\u00e1 a Independiente.<\/p>\n\n\n\n<h2 class=\"wp-block-heading\">Alerta por dise\u00f1os falsos<\/h2>\n\n\n\n<p>Dom\u00ednguez tambi\u00e9n aprovech\u00f3 para desestimar las im\u00e1genes que inundaron las redes sociales en las \u00faltimas semanas. \u00abNinguna de las camisetas de Racing con Nike que circularon en redes son reales. Son versiones ap\u00f3crifas\u00bb, sentenci\u00f3 el directivo.<\/p>\n\n\n\n<p>El dirigente pidi\u00f3 paciencia a los simpatizantes ante el cambio de proveedor t\u00e9cnico, calificando el acuerdo como un salto de calidad institucional: \u00abEntiendo la ansiedad, pero hay que esperar. Es un acuerdo importante porque es la marca de ropa n\u00famero uno del mundo\u00bb.<\/p>\n","protected":false},"excerpt":{"rendered":"<p>La espera termin\u00f3 y la ansiedad de los hinchas de Racing Club ya tiene una&#8230;<\/p>\n","protected":false},"author":1,"featured_media":80911,"comment_status":"closed","ping_status":"closed","sticky":false,"template":"","format":"standard","meta":{"footnotes":""},"categories":[32],"tags":[],"class_list":["post-80910","post","type-post","status-publish","format-standard","has-post-thumbnail","hentry","category-deportes"],"_links":{"self":[{"href":"https:\/\/conurbanodiario.com.ar\/index.php?rest_route=\/wp\/v2\/posts\/80910","targetHints":{"allow":["GET"]}}],"collection":[{"href":"https:\/\/conurbanodiario.com.ar\/index.php?rest_route=\/wp\/v2\/posts"}],"about":[{"href":"https:\/\/conurbanodiario.com.ar\/index.php?rest_route=\/wp\/v2\/types\/post"}],"author":[{"embeddable":true,"href":"https:\/\/conurbanodiario.com.ar\/index.php?rest_route=\/wp\/v2\/users\/1"}],"replies":[{"embeddable":true,"href":"https:\/\/conurbanodiario.com.ar\/index.php?rest_route=%2Fwp%2Fv2%2Fcomments&post=80910"}],"version-history":[{"count":1,"href":"https:\/\/conurbanodiario.com.ar\/index.php?rest_route=\/wp\/v2\/posts\/80910\/revisions"}],"predecessor-version":[{"id":80912,"href":"https:\/\/conurbanodiario.com.ar\/index.php?rest_route=\/wp\/v2\/posts\/80910\/revisions\/80912"}],"wp:featuredmedia":[{"embeddable":true,"href":"https:\/\/conurbanodiario.com.ar\/index.php?rest_route=\/wp\/v2\/media\/80911"}],"wp:attachment":[{"href":"https:\/\/conurbanodiario.com.ar\/index.php?rest_route=%2Fwp%2Fv2%2Fmedia&parent=80910"}],"wp:term":[{"taxonomy":"category","embeddable":true,"href":"https:\/\/conurbanodiario.com.ar\/index.php?rest_route=%2Fwp%2Fv2%2Fcategories&post=80910"},{"taxonomy":"post_tag","embeddable":true,"href":"https:\/\/conurbanodiario.com.ar\/index.php?rest_route=%2Fwp%2Fv2%2Ftags&post=80910"}],"curies":[{"name":"wp","href":"https:\/\/api.w.org\/{rel}","templated":true}]}}