{"id":80901,"date":"2026-01-25T12:12:59","date_gmt":"2026-01-25T15:12:59","guid":{"rendered":"https:\/\/conurbanodiario.com.ar\/?p=80901"},"modified":"2026-01-25T19:22:29","modified_gmt":"2026-01-25T22:22:29","slug":"voraz-incendio-destruyo-una-fabrica-en-luis-guillon-y-movilizo-a-ocho-dotaciones-de-bomberos","status":"publish","type":"post","link":"https:\/\/conurbanodiario.com.ar\/?p=80901","title":{"rendered":"VORAZ INCENDIO DESTRUY\u00d3 UNA F\u00c1BRICA EN LUIS GUILL\u00d3N Y MOVILIZ\u00d3 A OCHO DOTACIONES DE BOMBEROS"},"content":{"rendered":"\n<p>Un feroz incendio de magnitud se desat\u00f3 en una f\u00e1brica de casas prefabricadas y oficinas m\u00f3viles en el partido de Esteban Echeverr\u00eda, provocando la evacuaci\u00f3n de los vecinos y un operativo conjunto que involucr\u00f3 a dotaciones de ocho localidades.<\/p>\n\n\n\n<p>El siniestro comenz\u00f3 alrededor de las 22:30 de este s\u00e1bado en el predio ubicado en la intersecci\u00f3n de las calles Teniente Grande y Bruzone. Seg\u00fan inform\u00f3 el Comandante Mayor Cristian Tapia, jefe de Bomberos Voluntarios local, el fuego se descontrol\u00f3 r\u00e1pidamente en el interior del establecimiento, lo que demand\u00f3 un intenso trabajo para evitar que las llamas se propagaran a\u00fan m\u00e1s.<\/p>\n\n\n\n<p>Dada la voracidad del foco \u00edgneo, al lugar debieron asistir refuerzos de los cuarteles de Lomas de Zamora, Lan\u00fas, Ezeiza, Guernica, Almirante Brown, Trist\u00e1n Su\u00e1rez y San Vicente. Tras varias horas de combate contra las llamas, los bomberos lograron controlar la situaci\u00f3n, aunque el saldo material es total.<\/p>\n\n\n\n<p>Como consecuencia directa del calor y el fuego, una de las viviendas situadas dentro del predio presenta actualmente riesgo de derrumbe en una de sus paredes, lo que mantiene la zona bajo estricta vigilancia.<\/p>\n\n\n\n<p>En cuanto a los afectados, se inform\u00f3 que un efectivo de bomberos debi\u00f3 ser asistido y trasladado de urgencia por el SAME al Hospital Santa Marina de Monte Grande debido a la inhalaci\u00f3n de mon\u00f3xido de carbono.<\/p>\n\n\n\n<p>Afortunadamente, el agente se encuentra fuera de peligro y en buen estado de salud. \u00abNo se registraron v\u00edctimas fatales ni personas lesionadas\u00bb, confirmaron las autoridades, quienes destacaron que la evacuaci\u00f3n preventiva de los vecinos aleda\u00f1os fue clave para garantizar la seguridad civil durante el pico del incendio.<\/p>\n\n\n\n<p>Al momento, el \u00e1rea permanece bajo consigna policial y con presencia de guardias de cenizas para evitar cualquier posible reactivaci\u00f3n. Los peritos trabajan en el lugar con el fin de establecer las causales del inicio del fuego, mientras se constata que los da\u00f1os fueron \u00fanicamente materiales.<\/p>\n\n\n\n<p>La causa qued\u00f3 a disposici\u00f3n de las autoridades judiciales correspondientes de la jurisdicci\u00f3n de Luis Guill\u00f3n, a la espera de los informes t\u00e9cnicos definitivos.<\/p>\n","protected":false},"excerpt":{"rendered":"<p>Un feroz incendio de magnitud se desat\u00f3 en una f\u00e1brica de casas prefabricadas y oficinas&#8230;<\/p>\n","protected":false},"author":1,"featured_media":80902,"comment_status":"closed","ping_status":"closed","sticky":false,"template":"","format":"standard","meta":{"footnotes":""},"categories":[28],"tags":[],"class_list":["post-80901","post","type-post","status-publish","format-standard","has-post-thumbnail","hentry","category-la-provincia"],"_links":{"self":[{"href":"https:\/\/conurbanodiario.com.ar\/index.php?rest_route=\/wp\/v2\/posts\/80901","targetHints":{"allow":["GET"]}}],"collection":[{"href":"https:\/\/conurbanodiario.com.ar\/index.php?rest_route=\/wp\/v2\/posts"}],"about":[{"href":"https:\/\/conurbanodiario.com.ar\/index.php?rest_route=\/wp\/v2\/types\/post"}],"author":[{"embeddable":true,"href":"https:\/\/conurbanodiario.com.ar\/index.php?rest_route=\/wp\/v2\/users\/1"}],"replies":[{"embeddable":true,"href":"https:\/\/conurbanodiario.com.ar\/index.php?rest_route=%2Fwp%2Fv2%2Fcomments&post=80901"}],"version-history":[{"count":1,"href":"https:\/\/conurbanodiario.com.ar\/index.php?rest_route=\/wp\/v2\/posts\/80901\/revisions"}],"predecessor-version":[{"id":80903,"href":"https:\/\/conurbanodiario.com.ar\/index.php?rest_route=\/wp\/v2\/posts\/80901\/revisions\/80903"}],"wp:featuredmedia":[{"embeddable":true,"href":"https:\/\/conurbanodiario.com.ar\/index.php?rest_route=\/wp\/v2\/media\/80902"}],"wp:attachment":[{"href":"https:\/\/conurbanodiario.com.ar\/index.php?rest_route=%2Fwp%2Fv2%2Fmedia&parent=80901"}],"wp:term":[{"taxonomy":"category","embeddable":true,"href":"https:\/\/conurbanodiario.com.ar\/index.php?rest_route=%2Fwp%2Fv2%2Fcategories&post=80901"},{"taxonomy":"post_tag","embeddable":true,"href":"https:\/\/conurbanodiario.com.ar\/index.php?rest_route=%2Fwp%2Fv2%2Ftags&post=80901"}],"curies":[{"name":"wp","href":"https:\/\/api.w.org\/{rel}","templated":true}]}}