{"id":80874,"date":"2026-01-05T09:46:44","date_gmt":"2026-01-05T12:46:44","guid":{"rendered":"https:\/\/conurbanodiario.com.ar\/?p=80874"},"modified":"2026-01-05T09:46:44","modified_gmt":"2026-01-05T12:46:44","slug":"80874","status":"publish","type":"post","link":"https:\/\/conurbanodiario.com.ar\/?p=80874","title":{"rendered":""},"content":{"rendered":"\n<p>A trav\u00e9s de un comunicado publicado en sus redes sociales, el tenista serbio Novak Djokovic sacudi\u00f3 al deporte mundial al anunciar su salida de la Asociaci\u00f3n de Tenistas Profesionales (ATP).<\/p>\n\n\n\n<p>El tenista hizo hincapi\u00e9 en su oposici\u00f3n a la actual dirigencia del circuito y se\u00f1al\u00f3 \u201clas persistentes preocupaciones sobre la transparencia\u201d.<\/p>\n\n\n\n<p>De esta manera, el serbio, m\u00e1ximo ganador de Grand Slams, oficializ\u00f3 su salida de las estructuras de la Asociaci\u00f3n de Tenistas Profesionales. Su decisi\u00f3n profundiza una grieta hist\u00f3rica por el control del circuito y abre un interrogante sobre el futuro de la gobernanza en el deporte blanco.<\/p>\n\n\n\n<p>Lo que comenz\u00f3 como una serie de desacuerdos p\u00fablicos ha escalado a una ruptura formal, marcando un hito sin precedentes para un jugador en actividad de su calibre. El serbio, que ha sido el cr\u00edtico m\u00e1s feroz del modelo de negocios del circuito, pone en jaque la representatividad del organismo.<\/p>\n\n\n\n<h2 class=\"wp-block-heading\">Los motivos detr\u00e1s del quiebre de Djokovic y la ATP<\/h2>\n\n\n\n<p>Djokovic no ha ocultado sus diferencias con la c\u00fapula de la ATP en los \u00faltimos a\u00f1os. Su salida se fundamenta en tres pilares que considera deficientes en la gesti\u00f3n actual.<\/p>\n\n\n\n<p>Distribuci\u00f3n de ingresos: El reclamo por un reparto m\u00e1s equitativo de los premios, especialmente para los jugadores de menor ranking.<\/p>\n\n\n\n<p>Transparencia: Una demanda constante de mayor claridad en la toma de decisiones institucionales.<\/p>\n\n\n\n<p>Representaci\u00f3n real: La b\u00fasqueda de una voz independiente para los tenistas, alejada de los intereses de los torneos.<\/p>\n\n\n\n<h2 class=\"wp-block-heading\">El silencio de la ATP y el futuro del circuito<\/h2>\n\n\n\n<p>Hasta el momento, la ATP ha optado por el hermetismo, sin emitir respuesta oficial al anuncio del serbio. Sin embargo, el peso pol\u00edtico de Djokovic \u2014quien ya impuls\u00f3 la creaci\u00f3n de la Professional Tennis Players Association (PTPA)\u2014 asegura que este movimiento tendr\u00e1 r\u00e9plicas inmediatas:<\/p>\n\n\n\n<p>Efecto contagio: Se especula si otros jugadores del Top 10 seguir\u00e1n sus pasos en se\u00f1al de apoyo.<br>Reformas estructurales: La presi\u00f3n sobre la dirigencia tradicional para modificar los estatutos del circuito profesional es ahora m\u00e1s alta que nunca.<\/p>\n\n\n\n<p>Con este paso, \u00abNole\u00bb reafirma que su legado no solo se construye con trofeos, sino tambi\u00e9n con un intento ambicioso de transformar la pol\u00edtica y la econom\u00eda del tenis desde sus cimientos.<\/p>\n","protected":false},"excerpt":{"rendered":"<p>A trav\u00e9s de un comunicado publicado en sus redes sociales, el tenista serbio Novak Djokovic&#8230;<\/p>\n","protected":false},"author":1,"featured_media":80875,"comment_status":"closed","ping_status":"closed","sticky":false,"template":"","format":"standard","meta":{"footnotes":""},"categories":[32],"tags":[],"class_list":["post-80874","post","type-post","status-publish","format-standard","has-post-thumbnail","hentry","category-deportes"],"_links":{"self":[{"href":"https:\/\/conurbanodiario.com.ar\/index.php?rest_route=\/wp\/v2\/posts\/80874","targetHints":{"allow":["GET"]}}],"collection":[{"href":"https:\/\/conurbanodiario.com.ar\/index.php?rest_route=\/wp\/v2\/posts"}],"about":[{"href":"https:\/\/conurbanodiario.com.ar\/index.php?rest_route=\/wp\/v2\/types\/post"}],"author":[{"embeddable":true,"href":"https:\/\/conurbanodiario.com.ar\/index.php?rest_route=\/wp\/v2\/users\/1"}],"replies":[{"embeddable":true,"href":"https:\/\/conurbanodiario.com.ar\/index.php?rest_route=%2Fwp%2Fv2%2Fcomments&post=80874"}],"version-history":[{"count":1,"href":"https:\/\/conurbanodiario.com.ar\/index.php?rest_route=\/wp\/v2\/posts\/80874\/revisions"}],"predecessor-version":[{"id":80876,"href":"https:\/\/conurbanodiario.com.ar\/index.php?rest_route=\/wp\/v2\/posts\/80874\/revisions\/80876"}],"wp:featuredmedia":[{"embeddable":true,"href":"https:\/\/conurbanodiario.com.ar\/index.php?rest_route=\/wp\/v2\/media\/80875"}],"wp:attachment":[{"href":"https:\/\/conurbanodiario.com.ar\/index.php?rest_route=%2Fwp%2Fv2%2Fmedia&parent=80874"}],"wp:term":[{"taxonomy":"category","embeddable":true,"href":"https:\/\/conurbanodiario.com.ar\/index.php?rest_route=%2Fwp%2Fv2%2Fcategories&post=80874"},{"taxonomy":"post_tag","embeddable":true,"href":"https:\/\/conurbanodiario.com.ar\/index.php?rest_route=%2Fwp%2Fv2%2Ftags&post=80874"}],"curies":[{"name":"wp","href":"https:\/\/api.w.org\/{rel}","templated":true}]}}