{"id":80871,"date":"2026-01-05T09:42:24","date_gmt":"2026-01-05T12:42:24","guid":{"rendered":"https:\/\/conurbanodiario.com.ar\/?p=80871"},"modified":"2026-01-05T09:42:24","modified_gmt":"2026-01-05T12:42:24","slug":"acto-de-venezolanos-frente-al-obelisco-en-apoyo-a-la-intervencion-estadounidense","status":"publish","type":"post","link":"https:\/\/conurbanodiario.com.ar\/?p=80871","title":{"rendered":"ACTO DE VENEZOLANOS FRENTE AL OBELISCO EN APOYO A LA INTERVENCI\u00d3N ESTADOUNIDENSE"},"content":{"rendered":"\n<p>Ciudadanos venezolanos residentes en la Argentina se concentraron ayer domingo en la Plaza de la Rep\u00fablica, frente al obelisco porte\u00f1o, para celebrar la intervenci\u00f3n militar estadounidense en el pa\u00eds caribe\u00f1o y la detenci\u00f3n del ahora ex presidente Nicol\u00e1s Maduro.<\/p>\n\n\n\n<p>El acto, que cont\u00f3 con la presencia de Patricia Bullrich, presidenta del bloque de senadores de La Libertad Avanza y de ciudadanos argentinos que se hicieron presentes en solidaridad con Venezuela.<\/p>\n\n\n\n<p>Los concurrentes, seg\u00fan pudo observar la Agencia Noticias Argentinas contaron con la presencia de una orquesta que interpret\u00f3 en la apertura del acto los himnos nacionales de Argentina y Venezuela, y una serie de canciones populares del pa\u00eds caribe\u00f1o mientras se aguardaba el inicio de la celebraci\u00f3n.<\/p>\n\n\n\n<p>Durante el acto, pudo verse a la mayor\u00eda de los presentes portando banderas y gorros con los colores venezolanos, como as\u00ed tambi\u00e9n banderas argentinas.<\/p>\n\n\n\n<p>En el acto se reclam\u00f3 la inmediata democratizaci\u00f3n en Venezuela y el inicio de un proceso que restablezca lo que denunciaron como falta de libertades en su pa\u00eds.<\/p>\n","protected":false},"excerpt":{"rendered":"<p>Ciudadanos venezolanos residentes en la Argentina se concentraron ayer domingo en la Plaza de la&#8230;<\/p>\n","protected":false},"author":1,"featured_media":80872,"comment_status":"closed","ping_status":"closed","sticky":false,"template":"","format":"standard","meta":{"footnotes":""},"categories":[5],"tags":[],"class_list":["post-80871","post","type-post","status-publish","format-standard","has-post-thumbnail","hentry","category-el-pais"],"_links":{"self":[{"href":"https:\/\/conurbanodiario.com.ar\/index.php?rest_route=\/wp\/v2\/posts\/80871","targetHints":{"allow":["GET"]}}],"collection":[{"href":"https:\/\/conurbanodiario.com.ar\/index.php?rest_route=\/wp\/v2\/posts"}],"about":[{"href":"https:\/\/conurbanodiario.com.ar\/index.php?rest_route=\/wp\/v2\/types\/post"}],"author":[{"embeddable":true,"href":"https:\/\/conurbanodiario.com.ar\/index.php?rest_route=\/wp\/v2\/users\/1"}],"replies":[{"embeddable":true,"href":"https:\/\/conurbanodiario.com.ar\/index.php?rest_route=%2Fwp%2Fv2%2Fcomments&post=80871"}],"version-history":[{"count":1,"href":"https:\/\/conurbanodiario.com.ar\/index.php?rest_route=\/wp\/v2\/posts\/80871\/revisions"}],"predecessor-version":[{"id":80873,"href":"https:\/\/conurbanodiario.com.ar\/index.php?rest_route=\/wp\/v2\/posts\/80871\/revisions\/80873"}],"wp:featuredmedia":[{"embeddable":true,"href":"https:\/\/conurbanodiario.com.ar\/index.php?rest_route=\/wp\/v2\/media\/80872"}],"wp:attachment":[{"href":"https:\/\/conurbanodiario.com.ar\/index.php?rest_route=%2Fwp%2Fv2%2Fmedia&parent=80871"}],"wp:term":[{"taxonomy":"category","embeddable":true,"href":"https:\/\/conurbanodiario.com.ar\/index.php?rest_route=%2Fwp%2Fv2%2Fcategories&post=80871"},{"taxonomy":"post_tag","embeddable":true,"href":"https:\/\/conurbanodiario.com.ar\/index.php?rest_route=%2Fwp%2Fv2%2Ftags&post=80871"}],"curies":[{"name":"wp","href":"https:\/\/api.w.org\/{rel}","templated":true}]}}