{"id":80868,"date":"2026-01-06T01:03:00","date_gmt":"2026-01-06T04:03:00","guid":{"rendered":"https:\/\/conurbanodiario.com.ar\/?p=80868"},"modified":"2026-01-05T09:31:28","modified_gmt":"2026-01-05T12:31:28","slug":"vacacionar-este-verano-es-30-mas-caro","status":"publish","type":"post","link":"https:\/\/conurbanodiario.com.ar\/?p=80868","title":{"rendered":"VACACIONAR ESTE VERANO ES 30% M\u00c1S CARO"},"content":{"rendered":"\n<p>Las decisiones asociadas a este periodo vacacional vienen enmarcadas en aumentos moderados en la canasta de gastos, pero a la vez se abrieron diferencias cada vez m\u00e1s marcadas entre destinos nacionales e internacionales.<\/p>\n\n\n\n<p>El informe, realizado por la consultora Focus Market, dirigida por Dami\u00e1n Di Pace, analiza los costos de vacacionar para un grupo compuesto por dos adultos y dos menores, durante un periodo de 15 d\u00edas, contemplando vuelo y hoteler\u00eda (3 estrellas) con desayuno incluido, seg\u00fan el documento al que tuvo acceso la Agencia Noticias Argentinas.<\/p>\n\n\n\n<p>Para eso se tomaron los destinos m\u00e1s elegidos, encabezados por Mar del Plata, con un costo total estimado en $5.121.156 y una suba del 4% con respecto a 2024; le siguen Bariloche, con un total de $7.693.084 y un alza del 28%; y Mendoza, que se incorpora al estudio este a\u00f1o, con un costo total en torno a los $3.610.467.<\/p>\n\n\n\n<p>En cuanto a los destinos internacionales, las diferencias son m\u00e1s pronunciadas.<\/p>\n\n\n\n<p>En el caso de R\u00edo de Janeiro se observa un incremento del 6%, donde el mayor aumento se vincula con los costos en pasajes a\u00e9reos, que para cuatro personas suman \u2014en promedio\u2014 $5.652.727.<\/p>\n\n\n\n<p>Al considerar tambi\u00e9n el alojamiento en hotel 3 estrellas, el total a invertir asciende a $8.412.283.<\/p>\n\n\n\n<p>En cambio, la suba en Punta del Este es del 32% interanual, impulsada principalmente por aumentos en los precios de estad\u00eda, que rondan los $8.073.412.<\/p>\n\n\n\n<p>En suma, el traslado y el descanso familiar en la ciudad balnearia llega a los $10.978.158.<\/p>\n\n\n\n<p>A su vez, pasar la quincena en Santiago de Chile costar\u00e1 cerca de $7.362.873, contando vuelo y hoteler\u00eda.<\/p>\n\n\n\n<h2 class=\"wp-block-heading\">Monedas regionales<\/h2>\n\n\n\n<p>Este escenario responde a la evoluci\u00f3n del tipo de cambio y de las monedas regionales.<\/p>\n\n\n\n<p>Durante 2025, el peso argentino acumul\u00f3 una depreciaci\u00f3n del 36,97%, mientras el real brasile\u00f1o, el peso chileno y el peso mexicano registraron apreciaciones de entre el 7% y 13%, encareciendo en t\u00e9rminos relativos los consumos en el exterior para los turistas argentinos.<\/p>\n\n\n\n<p>Este verano tambi\u00e9n existe disparidad cambiaria: mientras el Peso Argentino acumul\u00f3 una depreciaci\u00f3n del 36,97% durante 2025, las monedas regionales como el Real Brasile\u00f1o, el Peso Chileno y el Peso Mexicano se apreciaron entre un 7% y un 13%.<\/p>\n\n\n\n<p>Este fen\u00f3meno impacta directamente en el consumo tur\u00edstico: los precios en pesos argentinos de productos t\u00edpicos en Brasil aumentaron un 63% entre enero y diciembre, mientras que en Chile el incremento para el bolsillo argentino escala al 52% en los productos relevados, superando incluso el alza del 44% registrada en las playas mexicanas.<\/p>\n\n\n\n<h2 class=\"wp-block-heading\">Escapadas cortas<\/h2>\n\n\n\n<p>\u201cDe cara al verano 2026, estamos observando un crecimiento sostenido del inter\u00e9s por escapadas cortas y viajes de fin de semana. Frente a un contexto de mayor cautela en el gasto, los hogares priorizan experiencias m\u00e1s frecuentes pero de menor duraci\u00f3n, lo que favorece destinos cercanos y propuestas flexibles. Esta tendencia consolida a las escapadas de fin de semana como una de las principales din\u00e1micas del turismo interno para la pr\u00f3xima temporada\u00bb, se\u00f1al\u00f3 Dami\u00e1n Di Pace, director de la consultora Focus Market.<\/p>\n\n\n\n<p>En ese contexto, el turismo de proximidad gana protagonismo como alternativa m\u00e1s econ\u00f3mica.<\/p>\n\n\n\n<p>Por ejemplo, una estad\u00eda de 4 d\u00edas y 3 noches en Pilar (a 60 km del centro porte\u00f1o), que incluye transporte en micro y alojamiento en hotel con piscina al aire libre, terraza o solarium, cuesta en promedio $612.091.<\/p>\n\n\n\n<p>Una propuesta con similares caracter\u00edsticas en Luj\u00e1n (a 75 km de CABA), ronda los $757.764; y a San Andr\u00e9s de Giles (a 108 km de Capital Federal), $1.018.649.<\/p>\n\n\n\n<p>Otra observaci\u00f3n: \u201cLa depreciaci\u00f3n del peso argentino frente al d\u00f3lar, junto con la apreciaci\u00f3n de monedas clave para el turismo regional, encareci\u00f3 los viajes al exterior en la segunda mitad del a\u00f1o y redujo la competitividad de esos destinos para el p\u00fablico argentino\u201d.<\/p>\n\n\n\n<h2 class=\"wp-block-heading\">Productos para el verano<\/h2>\n\n\n\n<p>El estudio tambi\u00e9n analiza un conjunto de 33 productos necesarios para una familia tipo, por un valor total de $984.319, lo que representa un incremento interanual del 12% frente al a\u00f1o anterior.<\/p>\n\n\n\n<p>Se trata de una suba contenida con comportamientos dispares, en la que algunos art\u00edculos muestran aumentos significativos mientras otros registran ca\u00eddas de precios o se mantienen estables.<\/p>\n\n\n\n<p>Entre los art\u00edculos que m\u00e1s aumentaron se destacan el traje de ba\u00f1o para mujer (+48%), las gorras infantiles (+43%) y las cremas hidratantes (+43%).<\/p>\n\n\n\n<p>Por el contrario, entre las bajas m\u00e1s notorias en bienes estacionales sobresalen los inflables para agua (-32%), toallones (-13%) e insecticidas en aerosol (-10%).<\/p>\n\n\n\n<p>Los resultados del relevamiento muestran un verano marcado por decisiones m\u00e1s racionales, con consumidores atentos al detalle de los precios, mayor planificaci\u00f3n del gasto y una b\u00fasqueda de alternativas que permitan sostener el descanso sin desbordar el presupuesto familiar.<\/p>\n\n\n\n<p>El blog de educaci\u00f3n financiera de Naranja X, Hablemos de Plata, public\u00f3 el relevamiento exclusivo de Focus Market sobre los gastos asociados al periodo vacacional de verano.<\/p>\n","protected":false},"excerpt":{"rendered":"<p>Las decisiones asociadas a este periodo vacacional vienen enmarcadas en aumentos moderados en la canasta&#8230;<\/p>\n","protected":false},"author":1,"featured_media":80869,"comment_status":"closed","ping_status":"closed","sticky":false,"template":"","format":"standard","meta":{"footnotes":""},"categories":[1,5],"tags":[],"class_list":["post-80868","post","type-post","status-publish","format-standard","has-post-thumbnail","hentry","category-noticia-del-dia","category-el-pais"],"_links":{"self":[{"href":"https:\/\/conurbanodiario.com.ar\/index.php?rest_route=\/wp\/v2\/posts\/80868","targetHints":{"allow":["GET"]}}],"collection":[{"href":"https:\/\/conurbanodiario.com.ar\/index.php?rest_route=\/wp\/v2\/posts"}],"about":[{"href":"https:\/\/conurbanodiario.com.ar\/index.php?rest_route=\/wp\/v2\/types\/post"}],"author":[{"embeddable":true,"href":"https:\/\/conurbanodiario.com.ar\/index.php?rest_route=\/wp\/v2\/users\/1"}],"replies":[{"embeddable":true,"href":"https:\/\/conurbanodiario.com.ar\/index.php?rest_route=%2Fwp%2Fv2%2Fcomments&post=80868"}],"version-history":[{"count":1,"href":"https:\/\/conurbanodiario.com.ar\/index.php?rest_route=\/wp\/v2\/posts\/80868\/revisions"}],"predecessor-version":[{"id":80870,"href":"https:\/\/conurbanodiario.com.ar\/index.php?rest_route=\/wp\/v2\/posts\/80868\/revisions\/80870"}],"wp:featuredmedia":[{"embeddable":true,"href":"https:\/\/conurbanodiario.com.ar\/index.php?rest_route=\/wp\/v2\/media\/80869"}],"wp:attachment":[{"href":"https:\/\/conurbanodiario.com.ar\/index.php?rest_route=%2Fwp%2Fv2%2Fmedia&parent=80868"}],"wp:term":[{"taxonomy":"category","embeddable":true,"href":"https:\/\/conurbanodiario.com.ar\/index.php?rest_route=%2Fwp%2Fv2%2Fcategories&post=80868"},{"taxonomy":"post_tag","embeddable":true,"href":"https:\/\/conurbanodiario.com.ar\/index.php?rest_route=%2Fwp%2Fv2%2Ftags&post=80868"}],"curies":[{"name":"wp","href":"https:\/\/api.w.org\/{rel}","templated":true}]}}