{"id":79415,"date":"2025-09-12T01:06:00","date_gmt":"2025-09-12T04:06:00","guid":{"rendered":"https:\/\/conurbanodiario.com.ar\/?p=79415"},"modified":"2025-09-28T21:15:40","modified_gmt":"2025-09-29T00:15:40","slug":"kicillof-le-advirtio-a-milei-que-el-pueblo-le-dijo-que-no-a-la-motosierra","status":"publish","type":"post","link":"https:\/\/conurbanodiario.com.ar\/?p=79415","title":{"rendered":"KICILLOF LE ADVIRTI\u00d3 A MILEI QUE EL PUEBLO \u00abLE DIJO QUE NO A LA MOTOSIERRA\u00bb"},"content":{"rendered":"\n<p>El gobernador bonaerense Axel Kicillof advirti\u00f3 ayer jueves que el presidente Javier Milei \u201ctodav\u00eda no escuch\u00f3 el fuerte rechazo que le dio el pueblo bonaerense en las urnas\u201d el 7 de septiembre, al cuestionar el veto a la ley de financiamiento universitario y a la emergencia del Hospital Garrahan.<\/p>\n\n\n\n<p>\u201cAcabamos de ganar una elecci\u00f3n de manera contundente y ac\u00e1 estamos, haciendo lo mismo que hicimos durante a\u00f1os: recorriendo, trabajando y llevando soluciones a la gente que hoy est\u00e1 sufriendo las pol\u00edticas del Gobierno nacional\u201d, sostuvo Kicillof en General Paz.<\/p>\n\n\n\n<p>Y record\u00f3: \u201cEl domingo el pueblo bonaerense le dijo que no a la motosierra, que no al maltrato a las personas con discapacidad, que no a la represi\u00f3n a los jubilados y que no al desfinanciamiento de la educaci\u00f3n y la salud\u201d.<\/p>\n\n\n\n<p>El acto tuvo lugar en la inauguraci\u00f3n de la Casa de la Provincia en General Paz, donde adem\u00e1s se firmaron convenios para viviendas y obras de pavimento.<\/p>\n\n\n\n<p>Participaron el ministro de Infraestructura y Servicios P\u00fablicos, Gabriel Katopodis, la jefa de Asesores del Gobernador, Cristina \u00c1lvarez Rodr\u00edguez, y el intendente local, Juan Manuel \u00c1lvarez.<\/p>\n","protected":false},"excerpt":{"rendered":"<p>El gobernador bonaerense Axel Kicillof advirti\u00f3 ayer jueves que el presidente Javier Milei \u201ctodav\u00eda no&#8230;<\/p>\n","protected":false},"author":1,"featured_media":79416,"comment_status":"closed","ping_status":"closed","sticky":false,"template":"","format":"standard","meta":{"footnotes":""},"categories":[35],"tags":[],"class_list":["post-79415","post","type-post","status-publish","format-standard","has-post-thumbnail","hentry","category-politica"],"_links":{"self":[{"href":"https:\/\/conurbanodiario.com.ar\/index.php?rest_route=\/wp\/v2\/posts\/79415","targetHints":{"allow":["GET"]}}],"collection":[{"href":"https:\/\/conurbanodiario.com.ar\/index.php?rest_route=\/wp\/v2\/posts"}],"about":[{"href":"https:\/\/conurbanodiario.com.ar\/index.php?rest_route=\/wp\/v2\/types\/post"}],"author":[{"embeddable":true,"href":"https:\/\/conurbanodiario.com.ar\/index.php?rest_route=\/wp\/v2\/users\/1"}],"replies":[{"embeddable":true,"href":"https:\/\/conurbanodiario.com.ar\/index.php?rest_route=%2Fwp%2Fv2%2Fcomments&post=79415"}],"version-history":[{"count":2,"href":"https:\/\/conurbanodiario.com.ar\/index.php?rest_route=\/wp\/v2\/posts\/79415\/revisions"}],"predecessor-version":[{"id":79438,"href":"https:\/\/conurbanodiario.com.ar\/index.php?rest_route=\/wp\/v2\/posts\/79415\/revisions\/79438"}],"wp:featuredmedia":[{"embeddable":true,"href":"https:\/\/conurbanodiario.com.ar\/index.php?rest_route=\/wp\/v2\/media\/79416"}],"wp:attachment":[{"href":"https:\/\/conurbanodiario.com.ar\/index.php?rest_route=%2Fwp%2Fv2%2Fmedia&parent=79415"}],"wp:term":[{"taxonomy":"category","embeddable":true,"href":"https:\/\/conurbanodiario.com.ar\/index.php?rest_route=%2Fwp%2Fv2%2Fcategories&post=79415"},{"taxonomy":"post_tag","embeddable":true,"href":"https:\/\/conurbanodiario.com.ar\/index.php?rest_route=%2Fwp%2Fv2%2Ftags&post=79415"}],"curies":[{"name":"wp","href":"https:\/\/api.w.org\/{rel}","templated":true}]}}