{"id":79242,"date":"2025-08-04T09:45:00","date_gmt":"2025-08-04T12:45:00","guid":{"rendered":"https:\/\/conurbanodiario.com.ar\/?p=79242"},"modified":"2025-08-04T21:47:59","modified_gmt":"2025-08-05T00:47:59","slug":"el-municipio-ofrece-nuevas-opciones-de-atencion-medica-online","status":"publish","type":"post","link":"https:\/\/conurbanodiario.com.ar\/?p=79242","title":{"rendered":"EL MUNICIPIO OFRECE NUEVAS OPCIONES DE ATENCI\u00d3N M\u00c9DICA ONLINE"},"content":{"rendered":"\n<p>El Municipio de Quilmes informa que a partir del 1 de agosto, utilizando la app Mi Alerta Quilmes, los y las vecinas van a poder tener respuesta m\u00e9dica espont\u00e1nea en parte de los Centros de Atenci\u00f3n Primaria de la Salud (CAPS) del Municipio a consultas de baja complejidad a trav\u00e9s de consultas online por videollamada (telemedicina). Esto significa que adem\u00e1s de la atenci\u00f3n presencial, se suma la posibilidad de realizar consultas online a trav\u00e9s de la aplicaci\u00f3n para medicina cl\u00ednica y pedi\u00e1trica, lo que permite complementar el sistema de atenci\u00f3n primaria de salud municipal.<\/p>\n\n\n\n<p>En esta primera etapa los CAPS que van a tener este servicio son: Dr. Bernardo Houssay (Paz 270 esquina Alberdi, Quilmes); Villa Augusta (Bah\u00eda Blanca entre Ecuador y Colombia, Ezpeleta); CIC La Paz (Calle 892 y 802, Quilmes Oeste); CAPS Cecilia Grierson (Amoedo y Joaqu\u00edn V. Gonzalez, Quilmes Oeste); Dr. Pedro Elustondo (Avellaneda 1147 entre Smith y Viejo Bueno, Bernal Oeste); Julieta Lanteri (calles 897 y 836, San Francisco Solano); 2 de Abril (Calle Florida entre Martin Rodr\u00edguez y Necochea, Ezpeleta Oeste), y el CIC Agust\u00edn Ram\u00edrez (Camino General Belgrano 1893, Quilmes Oeste).<\/p>\n\n\n\n<p>Adem\u00e1s, contar\u00e1n con esta iniciativa el CAPS La Primavera (calle 390 N\u00ba 651 entre 307 y San Luis, Quilmes Oeste); Ant\u00e1rtida Argentina (Ant\u00e1rtida Argentina 1275 entre Cevallos y Derqui, Ezpeleta Este); Ca\u00f1ada Gaete (Boedo 4963, Bernal Oeste); Dr. Arturo Illia (Concordia y Panam\u00e1, Ezpeleta); El Hornero (Gelly y Obes y Caseros, Quilmes Este); CIC Santo Domingo (Bermejo 1099, Bernal Oeste); Los Eucaliptus (calle 864 N\u00ba 110, San Francisco Solano); Julio M\u00e9ndez (9 de Julio 264, Bernal Centro); Hospital Eduardo Oller (Calle 844 N\u00ba 2100, San Francisco Solano) y el Instituto Dr. Ram\u00f3n Carrillo -ex Dispensario- (Marcelo T. Alvear esquina Islas Malvinas, Quilmes Oeste).<\/p>\n\n\n\n<p>En este contexto, la app Mi Alerta Quilmes est\u00e1 disponible para sistema Android y IOS y puede bajarse desde las tiendas https:\/\/play.google.com\/store\/apps\/details?id=com.gpesistemas.mialertaquilmes y https:\/\/apps.apple.com\/ar\/app\/mi-alerta-quilmes\/id6446701648 respectivamente. A la vez, se puede acceder a la n\u00f3mina de CAPS con telemedicina habilitada en el link https:\/\/quilmes.gov.ar\/gestion\/tele_medicina.php<\/p>\n\n\n\n<p>En tanto, a partir del 1 de septiembre, a trav\u00e9s de la herramienta QuiBot, desde la p\u00e1gina web oficial de la Municipalidad (www.quilmes.gov.ar) o a trav\u00e9s de WhatsApp (11-4493-4483), las y los quilme\u00f1os tambi\u00e9n van a poder solicitar atenci\u00f3n cl\u00ednica y pedi\u00e1trica.<\/p>\n","protected":false},"excerpt":{"rendered":"<p>El Municipio de Quilmes informa que a partir del 1 de agosto, utilizando la app&#8230;<\/p>\n","protected":false},"author":1,"featured_media":79243,"comment_status":"closed","ping_status":"closed","sticky":false,"template":"","format":"standard","meta":{"footnotes":""},"categories":[33,31],"tags":[],"class_list":["post-79242","post","type-post","status-publish","format-standard","has-post-thumbnail","hentry","category-destacados","category-salud"],"_links":{"self":[{"href":"https:\/\/conurbanodiario.com.ar\/index.php?rest_route=\/wp\/v2\/posts\/79242","targetHints":{"allow":["GET"]}}],"collection":[{"href":"https:\/\/conurbanodiario.com.ar\/index.php?rest_route=\/wp\/v2\/posts"}],"about":[{"href":"https:\/\/conurbanodiario.com.ar\/index.php?rest_route=\/wp\/v2\/types\/post"}],"author":[{"embeddable":true,"href":"https:\/\/conurbanodiario.com.ar\/index.php?rest_route=\/wp\/v2\/users\/1"}],"replies":[{"embeddable":true,"href":"https:\/\/conurbanodiario.com.ar\/index.php?rest_route=%2Fwp%2Fv2%2Fcomments&post=79242"}],"version-history":[{"count":1,"href":"https:\/\/conurbanodiario.com.ar\/index.php?rest_route=\/wp\/v2\/posts\/79242\/revisions"}],"predecessor-version":[{"id":79244,"href":"https:\/\/conurbanodiario.com.ar\/index.php?rest_route=\/wp\/v2\/posts\/79242\/revisions\/79244"}],"wp:featuredmedia":[{"embeddable":true,"href":"https:\/\/conurbanodiario.com.ar\/index.php?rest_route=\/wp\/v2\/media\/79243"}],"wp:attachment":[{"href":"https:\/\/conurbanodiario.com.ar\/index.php?rest_route=%2Fwp%2Fv2%2Fmedia&parent=79242"}],"wp:term":[{"taxonomy":"category","embeddable":true,"href":"https:\/\/conurbanodiario.com.ar\/index.php?rest_route=%2Fwp%2Fv2%2Fcategories&post=79242"},{"taxonomy":"post_tag","embeddable":true,"href":"https:\/\/conurbanodiario.com.ar\/index.php?rest_route=%2Fwp%2Fv2%2Ftags&post=79242"}],"curies":[{"name":"wp","href":"https:\/\/api.w.org\/{rel}","templated":true}]}}