{"id":79158,"date":"2025-08-06T01:07:00","date_gmt":"2025-08-06T04:07:00","guid":{"rendered":"https:\/\/conurbanodiario.com.ar\/?p=79158"},"modified":"2025-08-01T13:35:22","modified_gmt":"2025-08-01T16:35:22","slug":"fiesta-de-san-cayetano-en-los-santuarios-de-la-diocesis","status":"publish","type":"post","link":"https:\/\/conurbanodiario.com.ar\/?p=79158","title":{"rendered":"FIESTA DE SAN CAYETANO EN LOS SANTUARIOS DE LA DI\u00d3CESIS"},"content":{"rendered":"\n<p>Este jueves 7 de agosto\u00a0se celebrar\u00e1 la\u00a0<strong>Fiesta de San Cayetano<\/strong>\u00a0y con el lema\u00a0<em>\u00abCon San Cayetano trabajemos con esperanza para un mundo m\u00e1s solidario\u00bb<\/em>\u00a0los tres santuarios de la Di\u00f3cesis de Quilmes dedicados al santo patrono del Pan y del Trabajo ofrecer\u00e1n\u00a0misas\u00a0en los siguientes horarios:<\/p>\n\n\n\n<p><strong>Santuario de Florencio Varela<\/strong><em>(El Zonda y El Atalaya km. 26, Florencio Varela)<\/em><br>Misas el 06\/08 a las&nbsp;<strong>23<\/strong>&nbsp;h y el 07\/08 a las&nbsp;<strong>09<\/strong>,&nbsp;<strong>11<\/strong>,&nbsp;<strong>14<\/strong>,&nbsp;<strong>17<\/strong>&nbsp;y&nbsp;<strong>19<\/strong>&nbsp;h<br>Procesi\u00f3n a las 17 desde la Ermita de Luj\u00e1n de la Estaci\u00f3n Florencio Varela<\/p>\n\n\n\n<p><strong>Santuario de Quilmes Oeste<\/strong><em>&nbsp;(Mosconi 21, Quilmes Oeste)<\/em><br>Apertura a las 00, y misas a las&nbsp;<strong>07<\/strong>,&nbsp;<strong>09<\/strong>,&nbsp;<strong>11<\/strong>,&nbsp;<strong>15<\/strong>,&nbsp;<strong>17<\/strong>,&nbsp;<strong>19&nbsp;<\/strong>y&nbsp;<strong>21&nbsp;<\/strong>h<br>A las 13 h se realizar\u00e1 la olla popular, y a las 17.30, la procesi\u00f3n desde la Rotonda de Pasco.<\/p>\n\n\n\n<p><strong>Santuario de Berazategui&nbsp;<\/strong><em>(Calle 151 N\u00ba 663 entre calles 6 y 7, Berazategui)<\/em><br>Apertura a las 00, y misas a las&nbsp;<strong>08<\/strong>,&nbsp;<strong>10<\/strong>,&nbsp;<strong>12<\/strong>,&nbsp;<strong>14<\/strong>,&nbsp;<strong>16<\/strong>,&nbsp;<strong>18<\/strong>&nbsp;y&nbsp;<strong>20<\/strong>&nbsp;h.<\/p>\n\n\n\n<p>El Padre Obispo Carlos Jos\u00e9 Tissera presidir\u00e1 la misa de 19 h en Quilmes. Mientras que el Padre Obispo Eduardo Redondo presidir\u00e1 las misas de 10 de la ma\u00f1ana en Berazategui y de 19 en el Santuario de Florencio Varela.<\/p>\n","protected":false},"excerpt":{"rendered":"<p>Este jueves 7 de agosto\u00a0se celebrar\u00e1 la\u00a0Fiesta de San Cayetano\u00a0y con el lema\u00a0\u00abCon San Cayetano&#8230;<\/p>\n","protected":false},"author":1,"featured_media":79159,"comment_status":"closed","ping_status":"closed","sticky":false,"template":"","format":"standard","meta":{"footnotes":""},"categories":[3],"tags":[],"class_list":["post-79158","post","type-post","status-publish","format-standard","has-post-thumbnail","hentry","category-informacion-general"],"_links":{"self":[{"href":"https:\/\/conurbanodiario.com.ar\/index.php?rest_route=\/wp\/v2\/posts\/79158","targetHints":{"allow":["GET"]}}],"collection":[{"href":"https:\/\/conurbanodiario.com.ar\/index.php?rest_route=\/wp\/v2\/posts"}],"about":[{"href":"https:\/\/conurbanodiario.com.ar\/index.php?rest_route=\/wp\/v2\/types\/post"}],"author":[{"embeddable":true,"href":"https:\/\/conurbanodiario.com.ar\/index.php?rest_route=\/wp\/v2\/users\/1"}],"replies":[{"embeddable":true,"href":"https:\/\/conurbanodiario.com.ar\/index.php?rest_route=%2Fwp%2Fv2%2Fcomments&post=79158"}],"version-history":[{"count":1,"href":"https:\/\/conurbanodiario.com.ar\/index.php?rest_route=\/wp\/v2\/posts\/79158\/revisions"}],"predecessor-version":[{"id":79160,"href":"https:\/\/conurbanodiario.com.ar\/index.php?rest_route=\/wp\/v2\/posts\/79158\/revisions\/79160"}],"wp:featuredmedia":[{"embeddable":true,"href":"https:\/\/conurbanodiario.com.ar\/index.php?rest_route=\/wp\/v2\/media\/79159"}],"wp:attachment":[{"href":"https:\/\/conurbanodiario.com.ar\/index.php?rest_route=%2Fwp%2Fv2%2Fmedia&parent=79158"}],"wp:term":[{"taxonomy":"category","embeddable":true,"href":"https:\/\/conurbanodiario.com.ar\/index.php?rest_route=%2Fwp%2Fv2%2Fcategories&post=79158"},{"taxonomy":"post_tag","embeddable":true,"href":"https:\/\/conurbanodiario.com.ar\/index.php?rest_route=%2Fwp%2Fv2%2Ftags&post=79158"}],"curies":[{"name":"wp","href":"https:\/\/api.w.org\/{rel}","templated":true}]}}