{"id":79131,"date":"2025-08-01T01:00:00","date_gmt":"2025-08-01T04:00:00","guid":{"rendered":"https:\/\/conurbanodiario.com.ar\/?p=79131"},"modified":"2025-08-01T12:50:34","modified_gmt":"2025-08-01T15:50:34","slug":"hugo-cachorro-godoy-cargo-contra-un-sector-de-la-cgt-que-mantiene-vinculos-con-el-gobierno","status":"publish","type":"post","link":"https:\/\/conurbanodiario.com.ar\/?p=79131","title":{"rendered":"HUGO \u00abCACHORRO\u00bb GODOY CARG\u00d3 CONTRA UN SECTOR DE LA CGT QUE MANTIENE V\u00cdNCULOS CON EL GOBIERNO"},"content":{"rendered":"\n<p>El secretario General de la Central de Trabajadores Argentina (CTA) Aut\u00f3noma, Hugo \u201cCachorro\u201d Godoy, carg\u00f3 contra un sector de la Confederaci\u00f3n General del Trabajo (CGT) por los v\u00ednculos que mantienen con el gobierno de Javier Milei, y convoc\u00f3 a movilizar el pr\u00f3ximo 7 de agosto, en el marco del D\u00eda de San Cayetano.<\/p>\n\n\n\n<p>\u201cEn el caso de la CGT, hay una conducci\u00f3n que evidentemente todav\u00eda sigue pensando que en el marco del Pacto de Mayo, en el cual el Gobierno ha planteado una agenda de reforma laboral, de reforma previsional, y de mantener y fortalecer este criterio de d\u00e9ficit cero, reduciendo ingresos, y ajustando y destruyendo el Estado, puede haber un di\u00e1logo\u201d, sostuvo el sindicalista en Splendid am 990.<\/p>\n\n\n\n<p>En la misma l\u00ednea, ampli\u00f3: \u201cEse sector no comprende que el Gobierno no quiere ning\u00fan di\u00e1logo y que lo que quiere es destruir la clase trabajadora\u201d.<\/p>\n\n\n\n<p>Sin embargo, remarc\u00f3 que un sector importante de la clase trabajadora apuesta a \u201cconstruir un movimiento sindical diferente\u201d, por lo que propuso fortalecer la unidad de las CTA y la CGT. \u201cHay un sector de la CGT que est\u00e1 dispuesta a pelear, y por eso convocamos con mucha fuerza, con mucha decisi\u00f3n a esta convocatoria\u201d, destac\u00f3.<\/p>\n\n\n\n<p>Por su parte, \u201cCachorro\u201d Godoy llam\u00f3 a movilizar el pr\u00f3ximo 7 de agosto, en el marco del D\u00eda de San Cayetano con el Frente Sindical conformado por distintos sectores agremiados.<\/p>\n\n\n\n<p>\u201cNo alcanza el salario. Hay que ponerle freno a los despidos que se multiplican d\u00eda a d\u00eda, porque la recesi\u00f3n es muy fuerte, y tambi\u00e9n se produce un cierre de peque\u00f1as y medianas empresas. Ya van de 16.000, las que han cerrado en un a\u00f1o y medio\u201d, expres\u00f3.<\/p>\n\n\n\n<p>Asimismo, subray\u00f3: \u201cLa agresi\u00f3n de la pol\u00edtica econ\u00f3mica sigue volc\u00e1ndose sobre los sectores que menos tienen. El Gobierno anuncia la transferencia de ingresos, engrosando los bolsillos de los sectores olig\u00e1rquicos, reduciendo los impuestos a las exportaciones, aumentando las ganancias de los grupos olig\u00e1rquicos, y al mismo tiempo anuncia el veto de un aumento miserable a los jubilados, muy peque\u00f1o, quit\u00e1ndoselos\u201d.<\/p>\n\n\n\n<p>\u201cEstamos en una situaci\u00f3n donde es necesario multiplicar las movilizaciones, las luchas, y el 7 de agosto va a ser, en el marco de San Cayetano, sin lugar a dudas, una medida de fuerza muy contundente del conjunto de la clase trabajadora\u201d, denunci\u00f3.<\/p>\n\n\n\n<p>Por \u00faltimo, celebr\u00f3 la expresi\u00f3n de unidad entre los sectores que representan a los trabajadores y potenci\u00f3 la protesta de principios de agosto.<\/p>\n","protected":false},"excerpt":{"rendered":"<p>El secretario General de la Central de Trabajadores Argentina (CTA) Aut\u00f3noma, Hugo \u201cCachorro\u201d Godoy, carg\u00f3&#8230;<\/p>\n","protected":false},"author":1,"featured_media":79132,"comment_status":"closed","ping_status":"closed","sticky":false,"template":"","format":"standard","meta":{"footnotes":""},"categories":[1,5],"tags":[],"class_list":["post-79131","post","type-post","status-publish","format-standard","has-post-thumbnail","hentry","category-noticia-del-dia","category-el-pais"],"_links":{"self":[{"href":"https:\/\/conurbanodiario.com.ar\/index.php?rest_route=\/wp\/v2\/posts\/79131","targetHints":{"allow":["GET"]}}],"collection":[{"href":"https:\/\/conurbanodiario.com.ar\/index.php?rest_route=\/wp\/v2\/posts"}],"about":[{"href":"https:\/\/conurbanodiario.com.ar\/index.php?rest_route=\/wp\/v2\/types\/post"}],"author":[{"embeddable":true,"href":"https:\/\/conurbanodiario.com.ar\/index.php?rest_route=\/wp\/v2\/users\/1"}],"replies":[{"embeddable":true,"href":"https:\/\/conurbanodiario.com.ar\/index.php?rest_route=%2Fwp%2Fv2%2Fcomments&post=79131"}],"version-history":[{"count":1,"href":"https:\/\/conurbanodiario.com.ar\/index.php?rest_route=\/wp\/v2\/posts\/79131\/revisions"}],"predecessor-version":[{"id":79133,"href":"https:\/\/conurbanodiario.com.ar\/index.php?rest_route=\/wp\/v2\/posts\/79131\/revisions\/79133"}],"wp:featuredmedia":[{"embeddable":true,"href":"https:\/\/conurbanodiario.com.ar\/index.php?rest_route=\/wp\/v2\/media\/79132"}],"wp:attachment":[{"href":"https:\/\/conurbanodiario.com.ar\/index.php?rest_route=%2Fwp%2Fv2%2Fmedia&parent=79131"}],"wp:term":[{"taxonomy":"category","embeddable":true,"href":"https:\/\/conurbanodiario.com.ar\/index.php?rest_route=%2Fwp%2Fv2%2Fcategories&post=79131"},{"taxonomy":"post_tag","embeddable":true,"href":"https:\/\/conurbanodiario.com.ar\/index.php?rest_route=%2Fwp%2Fv2%2Ftags&post=79131"}],"curies":[{"name":"wp","href":"https:\/\/api.w.org\/{rel}","templated":true}]}}