{"id":77414,"date":"2025-02-04T19:27:25","date_gmt":"2025-02-04T22:27:25","guid":{"rendered":"https:\/\/conurbanodiario.com.ar\/?p=77414"},"modified":"2025-02-11T19:29:41","modified_gmt":"2025-02-11T22:29:41","slug":"nuevas-audiciones-para-el-coro-vocacional-municipal-varelense","status":"publish","type":"post","link":"https:\/\/conurbanodiario.com.ar\/?p=77414","title":{"rendered":"NUEVAS AUDICIONES PARA EL CORO VOCACIONAL MUNICIPAL VARELENSE"},"content":{"rendered":"\n<p>La Comuna abre la convocatoria a la propuesta musical para incorporar integrantes durante la temporada 2025, todos los martes y viernes de febrero en la Casa de la Cultura -calle Mitre N\u00ba149- a partir de las 19 hs.<\/p>\n\n\n\n<p>\u201cEl conjunto est\u00e1 en b\u00fasqueda de cuerdas soprano, contralto, tenor y bajo, preferiblemente con experiencia previa\u201d, detalla Nicol\u00e1s Argento, director del ensamble vocal.&nbsp;<\/p>\n\n\n\n<p>La citaci\u00f3n para las audiciones est\u00e1 destinada a vecinos y vecinas mayores de 16 a\u00f1os.<\/p>\n","protected":false},"excerpt":{"rendered":"<p>La Comuna abre la convocatoria a la propuesta musical para incorporar integrantes durante la temporada&#8230;<\/p>\n","protected":false},"author":1,"featured_media":77415,"comment_status":"closed","ping_status":"closed","sticky":false,"template":"","format":"standard","meta":{"footnotes":""},"categories":[8],"tags":[],"class_list":["post-77414","post","type-post","status-publish","format-standard","has-post-thumbnail","hentry","category-cultura"],"_links":{"self":[{"href":"https:\/\/conurbanodiario.com.ar\/index.php?rest_route=\/wp\/v2\/posts\/77414","targetHints":{"allow":["GET"]}}],"collection":[{"href":"https:\/\/conurbanodiario.com.ar\/index.php?rest_route=\/wp\/v2\/posts"}],"about":[{"href":"https:\/\/conurbanodiario.com.ar\/index.php?rest_route=\/wp\/v2\/types\/post"}],"author":[{"embeddable":true,"href":"https:\/\/conurbanodiario.com.ar\/index.php?rest_route=\/wp\/v2\/users\/1"}],"replies":[{"embeddable":true,"href":"https:\/\/conurbanodiario.com.ar\/index.php?rest_route=%2Fwp%2Fv2%2Fcomments&post=77414"}],"version-history":[{"count":1,"href":"https:\/\/conurbanodiario.com.ar\/index.php?rest_route=\/wp\/v2\/posts\/77414\/revisions"}],"predecessor-version":[{"id":77416,"href":"https:\/\/conurbanodiario.com.ar\/index.php?rest_route=\/wp\/v2\/posts\/77414\/revisions\/77416"}],"wp:featuredmedia":[{"embeddable":true,"href":"https:\/\/conurbanodiario.com.ar\/index.php?rest_route=\/wp\/v2\/media\/77415"}],"wp:attachment":[{"href":"https:\/\/conurbanodiario.com.ar\/index.php?rest_route=%2Fwp%2Fv2%2Fmedia&parent=77414"}],"wp:term":[{"taxonomy":"category","embeddable":true,"href":"https:\/\/conurbanodiario.com.ar\/index.php?rest_route=%2Fwp%2Fv2%2Fcategories&post=77414"},{"taxonomy":"post_tag","embeddable":true,"href":"https:\/\/conurbanodiario.com.ar\/index.php?rest_route=%2Fwp%2Fv2%2Ftags&post=77414"}],"curies":[{"name":"wp","href":"https:\/\/api.w.org\/{rel}","templated":true}]}}