{"id":77393,"date":"2025-02-04T18:38:45","date_gmt":"2025-02-04T21:38:45","guid":{"rendered":"https:\/\/conurbanodiario.com.ar\/?p=77393"},"modified":"2025-02-11T18:42:39","modified_gmt":"2025-02-11T21:42:39","slug":"comenzo-juntada-en-el-complejo-cultural-municipal-la-calle","status":"publish","type":"post","link":"https:\/\/conurbanodiario.com.ar\/?p=77393","title":{"rendered":"COMENZ\u00d3 \u00abJUNTADA\u00bb EN EL COMPLEJO CULTURAL MUNICIPAL LA CALLE"},"content":{"rendered":"\n<p><strong>\u201cJuntada\u201d, es un espacio destinado a j\u00f3venes que incluye juegos, dibujo y m\u00fasica. Se realiza como parte del Ciclo de Verano 2025, organizado por la Municipalidad de Berazategui, durante todos los s\u00e1bados de febrero en el Complejo Cultural Municipal La Calle, con entrada libre y gratuita.<\/strong><\/p>\n\n\n\n<p>Micaela Valenzuela, integrante de la Secretar\u00eda de Cultura y Educaci\u00f3n local, cont\u00f3: \u201cLos esperamos todos los s\u00e1bados de febrero -desde las 18.00- con mesas de ping pong, metegoles, espacios de dibujo, de lectura, bordado, juegos de rol y mucha m\u00fasica\u201d.<\/p>\n\n\n\n<p>El Ciclo de Verano es organizado por la Municipalidad de Berazategui, a cargo del intendente Juan Jos\u00e9 Mussi. Para conocer el cronograma completo de actividades, se puede visitar&nbsp;<a rel=\"noreferrer noopener\" target=\"_blank\" href=\"http:\/\/berazategui.gob.ar\/cultura\">berazategui.gob.ar\/cultura<\/a>; o ingresar a las redes sociales de la Secretar\u00eda de Cultura y Educaci\u00f3n (@culturabe) y del Municipio (@MuniBerazategui).<\/p>\n","protected":false},"excerpt":{"rendered":"<p>\u201cJuntada\u201d, es un espacio destinado a j\u00f3venes que incluye juegos, dibujo y m\u00fasica. Se realiza&#8230;<\/p>\n","protected":false},"author":1,"featured_media":77394,"comment_status":"closed","ping_status":"closed","sticky":false,"template":"","format":"standard","meta":{"footnotes":""},"categories":[8],"tags":[],"class_list":["post-77393","post","type-post","status-publish","format-standard","has-post-thumbnail","hentry","category-cultura"],"_links":{"self":[{"href":"https:\/\/conurbanodiario.com.ar\/index.php?rest_route=\/wp\/v2\/posts\/77393","targetHints":{"allow":["GET"]}}],"collection":[{"href":"https:\/\/conurbanodiario.com.ar\/index.php?rest_route=\/wp\/v2\/posts"}],"about":[{"href":"https:\/\/conurbanodiario.com.ar\/index.php?rest_route=\/wp\/v2\/types\/post"}],"author":[{"embeddable":true,"href":"https:\/\/conurbanodiario.com.ar\/index.php?rest_route=\/wp\/v2\/users\/1"}],"replies":[{"embeddable":true,"href":"https:\/\/conurbanodiario.com.ar\/index.php?rest_route=%2Fwp%2Fv2%2Fcomments&post=77393"}],"version-history":[{"count":1,"href":"https:\/\/conurbanodiario.com.ar\/index.php?rest_route=\/wp\/v2\/posts\/77393\/revisions"}],"predecessor-version":[{"id":77395,"href":"https:\/\/conurbanodiario.com.ar\/index.php?rest_route=\/wp\/v2\/posts\/77393\/revisions\/77395"}],"wp:featuredmedia":[{"embeddable":true,"href":"https:\/\/conurbanodiario.com.ar\/index.php?rest_route=\/wp\/v2\/media\/77394"}],"wp:attachment":[{"href":"https:\/\/conurbanodiario.com.ar\/index.php?rest_route=%2Fwp%2Fv2%2Fmedia&parent=77393"}],"wp:term":[{"taxonomy":"category","embeddable":true,"href":"https:\/\/conurbanodiario.com.ar\/index.php?rest_route=%2Fwp%2Fv2%2Fcategories&post=77393"},{"taxonomy":"post_tag","embeddable":true,"href":"https:\/\/conurbanodiario.com.ar\/index.php?rest_route=%2Fwp%2Fv2%2Ftags&post=77393"}],"curies":[{"name":"wp","href":"https:\/\/api.w.org\/{rel}","templated":true}]}}