{"id":77390,"date":"2025-02-04T18:35:46","date_gmt":"2025-02-04T21:35:46","guid":{"rendered":"https:\/\/conurbanodiario.com.ar\/?p=77390"},"modified":"2025-02-11T18:38:20","modified_gmt":"2025-02-11T21:38:20","slug":"andres-watson-recibio-a-vecinos-y-vecinas-de-bosques-para-delinear-acciones-en-el-barrio","status":"publish","type":"post","link":"https:\/\/conurbanodiario.com.ar\/?p=77390","title":{"rendered":"ANDR\u00c9S WATSON RECIBI\u00d3 A VECINOS Y VECINAS DE BOSQUES PARA DELINEAR ACCIONES EN EL BARRIO"},"content":{"rendered":"\n<p>El mandatario varelense, Andr\u00e9s Watson, protagoniz\u00f3 una reuni\u00f3n con frentistas donde enumer\u00f3 las intervenciones del Municipio en favor de la ciudadan\u00eda y el refuerzo de los procedimientos efectuados en la infraestructura de la localidad este martes en el edificio de la calle 25 de Mayo.&nbsp;<\/p>\n\n\n\n<p>El subsecretario de Gobierno -Mat\u00edas Schneeberger- explic\u00f3: \u201cEl Intendente record\u00f3 las acciones coordinadas por el Ejecutivo local desde 2015 ante los propietarios de las tierras situadas sobre Ruta Provincial N\u00ba36, entre Diagonal Constancio Vigil y Patagones\u201d. \u201cFueron intimados para que pusieran en condiciones el lugar, pero no cumplieron. Fueron enviados a juicio por apremios e incluso embargados en forma preventiva\u201d, a\u00f1adi\u00f3.<\/p>\n\n\n\n<p>\u201cAnte la ausencia de respuesta, la Comuna solicit\u00f3 a la Justicia la autorizaci\u00f3n para interceder en el predio una vez concluida la investigaci\u00f3n pertinente y hacer las tareas de mantenimiento a fin de favorecer la seguridad en la zona. En simult\u00e1neo, la administraci\u00f3n distrital comenz\u00f3 el procedimiento para expropiar el terreno ante la Legislatura bonaerense\u201d, especific\u00f3.<\/p>\n\n\n\n<p>Por otro lado, el funcionario rememor\u00f3 \u201cla colocaci\u00f3n de luminarias LED en 7 de los 10 barrios de Bosques\u201d. \u201cEstipulamos la continuidad de los trabajos y avanzar con la modernizaci\u00f3n del alumbrado p\u00fablico en Ricardo Rojas\u201d, indic\u00f3. Adem\u00e1s, remarc\u00f3 \u201cel pedido a Edesur por 400 metros de tendido el\u00e9ctrico para iluminar el \u00e1rea\u201d. Finalmente, subray\u00f3 \u201cel fortalecimiento del patrullaje\u201d como otra medida clave.<\/p>\n\n\n\n<p>El integrante en el gabinete municipal tambi\u00e9n mencion\u00f3: \u201cLos vecinos y las vecinas recibidos por el Alcalde manifestaron su conformidad con el desarrollo del encuentro y los temas tratados durante el mismo\u201d. Por \u00faltimo, repas\u00f3 las obras ejecutadas en la regi\u00f3n como la Base SAME y la renovaci\u00f3n del Centro de Salud en Bosques Norte, la puesta en valor de R.P. N\u00ba36, el Paso Bajo Nivel \u201cH\u00e9roes de Malvinas\u201d, plazas, pavimentaciones, el Centro de Desarrollo Infantil de El Roc\u00edo, labores en la red hidr\u00e1ulica, entre otros.<\/p>\n\n\n\n<p><em>Limpieza<\/em><\/p>\n\n\n\n<p>Durante la jornada, las cuadrillas municipales desplegaron un operativo de higiene urbana que incluy\u00f3 recolecci\u00f3n de residuos y cubiertas en Diagonal Constancio Vigil, entre R.P. N\u00ba36 y Luj\u00e1n.<\/p>\n","protected":false},"excerpt":{"rendered":"<p>El mandatario varelense, Andr\u00e9s Watson, protagoniz\u00f3 una reuni\u00f3n con frentistas donde enumer\u00f3 las intervenciones del&#8230;<\/p>\n","protected":false},"author":1,"featured_media":77391,"comment_status":"closed","ping_status":"closed","sticky":false,"template":"","format":"standard","meta":{"footnotes":""},"categories":[3],"tags":[],"class_list":["post-77390","post","type-post","status-publish","format-standard","has-post-thumbnail","hentry","category-informacion-general"],"_links":{"self":[{"href":"https:\/\/conurbanodiario.com.ar\/index.php?rest_route=\/wp\/v2\/posts\/77390","targetHints":{"allow":["GET"]}}],"collection":[{"href":"https:\/\/conurbanodiario.com.ar\/index.php?rest_route=\/wp\/v2\/posts"}],"about":[{"href":"https:\/\/conurbanodiario.com.ar\/index.php?rest_route=\/wp\/v2\/types\/post"}],"author":[{"embeddable":true,"href":"https:\/\/conurbanodiario.com.ar\/index.php?rest_route=\/wp\/v2\/users\/1"}],"replies":[{"embeddable":true,"href":"https:\/\/conurbanodiario.com.ar\/index.php?rest_route=%2Fwp%2Fv2%2Fcomments&post=77390"}],"version-history":[{"count":1,"href":"https:\/\/conurbanodiario.com.ar\/index.php?rest_route=\/wp\/v2\/posts\/77390\/revisions"}],"predecessor-version":[{"id":77392,"href":"https:\/\/conurbanodiario.com.ar\/index.php?rest_route=\/wp\/v2\/posts\/77390\/revisions\/77392"}],"wp:featuredmedia":[{"embeddable":true,"href":"https:\/\/conurbanodiario.com.ar\/index.php?rest_route=\/wp\/v2\/media\/77391"}],"wp:attachment":[{"href":"https:\/\/conurbanodiario.com.ar\/index.php?rest_route=%2Fwp%2Fv2%2Fmedia&parent=77390"}],"wp:term":[{"taxonomy":"category","embeddable":true,"href":"https:\/\/conurbanodiario.com.ar\/index.php?rest_route=%2Fwp%2Fv2%2Fcategories&post=77390"},{"taxonomy":"post_tag","embeddable":true,"href":"https:\/\/conurbanodiario.com.ar\/index.php?rest_route=%2Fwp%2Fv2%2Ftags&post=77390"}],"curies":[{"name":"wp","href":"https:\/\/api.w.org\/{rel}","templated":true}]}}