{"id":77366,"date":"2025-02-04T14:21:55","date_gmt":"2025-02-04T17:21:55","guid":{"rendered":"https:\/\/conurbanodiario.com.ar\/?p=77366"},"modified":"2025-02-10T14:24:14","modified_gmt":"2025-02-10T17:24:14","slug":"varela-otra-forma-de-aprender","status":"publish","type":"post","link":"https:\/\/conurbanodiario.com.ar\/?p=77366","title":{"rendered":"VARELA: OTRA FORMA DE APRENDER"},"content":{"rendered":"\n<p>El Municipio inicia el ciclo de \u201cEducAcci\u00f3n Recreativa\u201d en la Plaza Calegari -Av. Juan Domingo Per\u00f3n N\u00ba100- el mi\u00e9rcoles 5 de febrero, de 15 a 18 hs.<\/p>\n\n\n\n<p>El jefe de departamento de Pol\u00edticas de Abordaje Territorial -Mariano Dom\u00ednguez- afirma: \u201cVelamos por el derecho a la educaci\u00f3n\u201d. Sobre las actividades previstas ese d\u00eda, detalla \u201cun encuentro l\u00fadico-pedag\u00f3gico donde planteamos un espacio de aprendizaje a trav\u00e9s de juegos, escenarios art\u00edsticos y culturales\u201d.<\/p>\n\n\n\n<p>\u201cLa convocatoria ser\u00e1 importante\u201d, adelanta. Resalta que, en los cinco a\u00f1os que lleva la propuesta, \u201csiempre cuenta con una gran aceptaci\u00f3n de toda la familia\u201d. Remarca \u201cla importancia de impulsar iniciativas gratuitas, de calidad para los y las varelenses\u201d.<\/p>\n","protected":false},"excerpt":{"rendered":"<p>El Municipio inicia el ciclo de \u201cEducAcci\u00f3n Recreativa\u201d en la Plaza Calegari -Av. Juan Domingo&#8230;<\/p>\n","protected":false},"author":1,"featured_media":77367,"comment_status":"closed","ping_status":"closed","sticky":false,"template":"","format":"standard","meta":{"footnotes":""},"categories":[27],"tags":[],"class_list":["post-77366","post","type-post","status-publish","format-standard","has-post-thumbnail","hentry","category-educacion"],"_links":{"self":[{"href":"https:\/\/conurbanodiario.com.ar\/index.php?rest_route=\/wp\/v2\/posts\/77366","targetHints":{"allow":["GET"]}}],"collection":[{"href":"https:\/\/conurbanodiario.com.ar\/index.php?rest_route=\/wp\/v2\/posts"}],"about":[{"href":"https:\/\/conurbanodiario.com.ar\/index.php?rest_route=\/wp\/v2\/types\/post"}],"author":[{"embeddable":true,"href":"https:\/\/conurbanodiario.com.ar\/index.php?rest_route=\/wp\/v2\/users\/1"}],"replies":[{"embeddable":true,"href":"https:\/\/conurbanodiario.com.ar\/index.php?rest_route=%2Fwp%2Fv2%2Fcomments&post=77366"}],"version-history":[{"count":1,"href":"https:\/\/conurbanodiario.com.ar\/index.php?rest_route=\/wp\/v2\/posts\/77366\/revisions"}],"predecessor-version":[{"id":77368,"href":"https:\/\/conurbanodiario.com.ar\/index.php?rest_route=\/wp\/v2\/posts\/77366\/revisions\/77368"}],"wp:featuredmedia":[{"embeddable":true,"href":"https:\/\/conurbanodiario.com.ar\/index.php?rest_route=\/wp\/v2\/media\/77367"}],"wp:attachment":[{"href":"https:\/\/conurbanodiario.com.ar\/index.php?rest_route=%2Fwp%2Fv2%2Fmedia&parent=77366"}],"wp:term":[{"taxonomy":"category","embeddable":true,"href":"https:\/\/conurbanodiario.com.ar\/index.php?rest_route=%2Fwp%2Fv2%2Fcategories&post=77366"},{"taxonomy":"post_tag","embeddable":true,"href":"https:\/\/conurbanodiario.com.ar\/index.php?rest_route=%2Fwp%2Fv2%2Ftags&post=77366"}],"curies":[{"name":"wp","href":"https:\/\/api.w.org\/{rel}","templated":true}]}}