{"id":77363,"date":"2025-02-04T14:16:42","date_gmt":"2025-02-04T17:16:42","guid":{"rendered":"https:\/\/conurbanodiario.com.ar\/?p=77363"},"modified":"2025-02-10T14:17:52","modified_gmt":"2025-02-10T17:17:52","slug":"nueva-edicion-de-turismo-rural-en-varela","status":"publish","type":"post","link":"https:\/\/conurbanodiario.com.ar\/?p=77363","title":{"rendered":"NUEVA EDICI\u00d3N DE TURISMO RURAL EN VARELA"},"content":{"rendered":"\n<p>El Municipio impulsa una propuesta para descubrir la zona agreste de Florencio Varela el pr\u00f3ximo mi\u00e9rcoles 5 de febrero a partir de las 8.30 hs.<\/p>\n\n\n\n<p>La directora del \u00e1rea responsable en la Secretar\u00eda de Industria y Desarrollo Productivo -Mariana Oviedo- destaca \u00abun programa con m\u00e1s de un a\u00f1o de existencia\u00bb.<\/p>\n\n\n\n<p>En relaci\u00f3n con la pr\u00f3xima fecha, anticipa: \u00abVisitaremos el establecimiento de un productor hort\u00edcola; luego, la Unidad de Producci\u00f3n Forestal. Finalizaremos el recorrido en el Museo y Reserva Ecol\u00f3gica `Guillermo Enrique Hudson\u00b4\u00bb.<\/p>\n\n\n\n<p>Por otro lado, adelanta que realizar\u00e1n \u00abdiferentes paseos durante el 2025 ya que nuestro sector rural es muy amplio\u00bb. \u00abTambi\u00e9n continuaremos con Turismo Religioso donde aprendemos sobre templos de diversas religiones\u00bb, agrega.<\/p>\n\n\n\n<p>\u00abEs s\u00faper importante que los vecinos y las vecinas tengan la oportunidad de saber m\u00e1s acerca de distintos lugares del distrito\u00bb, afirma Oviedo.&nbsp;<\/p>\n\n\n\n<p>Los cupos son limitados: para reservar una vacante en el itinerario guiado, enviar un correo electr\u00f3nico a turismovarela@gmail.com. La actividad est\u00e1 supeditada a las condiciones clim\u00e1ticas.<\/p>\n","protected":false},"excerpt":{"rendered":"<p>El Municipio impulsa una propuesta para descubrir la zona agreste de Florencio Varela el pr\u00f3ximo&#8230;<\/p>\n","protected":false},"author":1,"featured_media":77364,"comment_status":"closed","ping_status":"closed","sticky":false,"template":"","format":"standard","meta":{"footnotes":""},"categories":[3],"tags":[],"class_list":["post-77363","post","type-post","status-publish","format-standard","has-post-thumbnail","hentry","category-informacion-general"],"_links":{"self":[{"href":"https:\/\/conurbanodiario.com.ar\/index.php?rest_route=\/wp\/v2\/posts\/77363","targetHints":{"allow":["GET"]}}],"collection":[{"href":"https:\/\/conurbanodiario.com.ar\/index.php?rest_route=\/wp\/v2\/posts"}],"about":[{"href":"https:\/\/conurbanodiario.com.ar\/index.php?rest_route=\/wp\/v2\/types\/post"}],"author":[{"embeddable":true,"href":"https:\/\/conurbanodiario.com.ar\/index.php?rest_route=\/wp\/v2\/users\/1"}],"replies":[{"embeddable":true,"href":"https:\/\/conurbanodiario.com.ar\/index.php?rest_route=%2Fwp%2Fv2%2Fcomments&post=77363"}],"version-history":[{"count":1,"href":"https:\/\/conurbanodiario.com.ar\/index.php?rest_route=\/wp\/v2\/posts\/77363\/revisions"}],"predecessor-version":[{"id":77365,"href":"https:\/\/conurbanodiario.com.ar\/index.php?rest_route=\/wp\/v2\/posts\/77363\/revisions\/77365"}],"wp:featuredmedia":[{"embeddable":true,"href":"https:\/\/conurbanodiario.com.ar\/index.php?rest_route=\/wp\/v2\/media\/77364"}],"wp:attachment":[{"href":"https:\/\/conurbanodiario.com.ar\/index.php?rest_route=%2Fwp%2Fv2%2Fmedia&parent=77363"}],"wp:term":[{"taxonomy":"category","embeddable":true,"href":"https:\/\/conurbanodiario.com.ar\/index.php?rest_route=%2Fwp%2Fv2%2Fcategories&post=77363"},{"taxonomy":"post_tag","embeddable":true,"href":"https:\/\/conurbanodiario.com.ar\/index.php?rest_route=%2Fwp%2Fv2%2Ftags&post=77363"}],"curies":[{"name":"wp","href":"https:\/\/api.w.org\/{rel}","templated":true}]}}