{"id":77336,"date":"2025-02-10T01:00:00","date_gmt":"2025-02-10T04:00:00","guid":{"rendered":"https:\/\/conurbanodiario.com.ar\/?p=77336"},"modified":"2025-02-13T17:03:43","modified_gmt":"2025-02-13T20:03:43","slug":"mercado-activo-en-varela-productos-frescos-sabrosos-y-economicos","status":"publish","type":"post","link":"https:\/\/conurbanodiario.com.ar\/?p=77336","title":{"rendered":"MERCADO ACTIVO EN VARELA: PRODUCTOS FRESCOS, SABROSOS Y ECON\u00d3MICOS\u00a0"},"content":{"rendered":"\n<p>El paseo comercial con venta directa re\u00fane a productores, productoras, emprendedores y emprendedoras locales los viernes de febrero de 8 a 14 hs. -horario de verano- sobre calle 25 de Mayo esquina Batalla de Ayacucho.<\/p>\n\n\n\n<p>La iniciativa, adherida a Mercados Bonaerenses, permite pagos con cuenta DNI y ofrece panificados, carne, productos diet\u00e9ticos, frutas, verduras, l\u00e1cteos, pastas y art\u00edculos de limpieza; tambi\u00e9n indumentaria, elementos de bazar, para mascotas, entre otros.<\/p>\n\n\n\n<p>Liliana aprueba los cursos brindados por el Ejecutivo varelense inherentes al rubro e integra varias ferias de la Comuna. Hace 12 a\u00f1os, tiene su diagn\u00f3stico de celiaqu\u00eda y desarrolla su proyecto \u00abLili Sabores sin TACC\u00bb. \u00abCuido a mis clientes como lo hago conmigo\u00bb, asegura.<\/p>\n\n\n\n<p>Antonio vende aceite de oliva, quesos, fiambres envasados al vac\u00edo y panes. Agradece \u201cla posibilidad que brinda el Municipio para exponer lo que hacemos\u201d. Sintetiza: \u201cHoy, la actividad de a poco remonta post fiestas, pero a pesar de la oferta y las promociones, la plata no alcanza\u201d.<\/p>\n\n\n\n<p>En otro puesto, Pamela de Ap\u00edcola \u00abLas Reinas\u00bb comenta: \u201cTenemos producci\u00f3n de miel para quienes acostumbran a consumir alimentos naturales\u201d.<\/p>\n\n\n\n<p>Roberto -de Las Alicias- e Isabel -de San Rudecindo- acuerdan \u201cen los buenos precios\u201d. Ambos conocen la propuesta y siempre que pueden, pasan. El hombre logra adelantarse al D\u00eda de los Enamorados porque lleva un ramo de flores. Ella est\u00e1 \u201ccontenta con los enormes aj\u00edes rojos y verdes\u201d reci\u00e9n adquiridos.<\/p>\n\n\n\n<p>De la zona c\u00e9ntrica del distrito, Mar\u00eda Rosa afirma que \u201cla verdura es barata\u00bb. \u00abEsta opci\u00f3n colabora con nuestra econom\u00eda\u201d, considera.<\/p>\n\n\n\n<p>Jennifer llega desde Gobernador Monteverde con Naomi de 5 a\u00f1os, con quien pasea en b\u00fasqueda de materiales para el inicio de clases.&nbsp; \u201cHay buenas ofertas en librer\u00eda y en accesorios de anim\u00e9\u201d, se\u00f1ala.<\/p>\n\n\n\n<p>\u201cAc\u00e1 hay mejores valores y calidad que en los negocios de mi barrio\u201d, expresa Stefan\u00eda que camina algunas calles hasta llegar. La mujer destaca que \u201cel recorrido en el empedrado es disfrutable\u201d.<\/p>\n","protected":false},"excerpt":{"rendered":"<p>El paseo comercial con venta directa re\u00fane a productores, productoras, emprendedores y emprendedoras locales los&#8230;<\/p>\n","protected":false},"author":1,"featured_media":77337,"comment_status":"closed","ping_status":"closed","sticky":false,"template":"","format":"standard","meta":{"footnotes":""},"categories":[33,3],"tags":[],"class_list":["post-77336","post","type-post","status-publish","format-standard","has-post-thumbnail","hentry","category-destacados","category-informacion-general"],"_links":{"self":[{"href":"https:\/\/conurbanodiario.com.ar\/index.php?rest_route=\/wp\/v2\/posts\/77336","targetHints":{"allow":["GET"]}}],"collection":[{"href":"https:\/\/conurbanodiario.com.ar\/index.php?rest_route=\/wp\/v2\/posts"}],"about":[{"href":"https:\/\/conurbanodiario.com.ar\/index.php?rest_route=\/wp\/v2\/types\/post"}],"author":[{"embeddable":true,"href":"https:\/\/conurbanodiario.com.ar\/index.php?rest_route=\/wp\/v2\/users\/1"}],"replies":[{"embeddable":true,"href":"https:\/\/conurbanodiario.com.ar\/index.php?rest_route=%2Fwp%2Fv2%2Fcomments&post=77336"}],"version-history":[{"count":1,"href":"https:\/\/conurbanodiario.com.ar\/index.php?rest_route=\/wp\/v2\/posts\/77336\/revisions"}],"predecessor-version":[{"id":77338,"href":"https:\/\/conurbanodiario.com.ar\/index.php?rest_route=\/wp\/v2\/posts\/77336\/revisions\/77338"}],"wp:featuredmedia":[{"embeddable":true,"href":"https:\/\/conurbanodiario.com.ar\/index.php?rest_route=\/wp\/v2\/media\/77337"}],"wp:attachment":[{"href":"https:\/\/conurbanodiario.com.ar\/index.php?rest_route=%2Fwp%2Fv2%2Fmedia&parent=77336"}],"wp:term":[{"taxonomy":"category","embeddable":true,"href":"https:\/\/conurbanodiario.com.ar\/index.php?rest_route=%2Fwp%2Fv2%2Fcategories&post=77336"},{"taxonomy":"post_tag","embeddable":true,"href":"https:\/\/conurbanodiario.com.ar\/index.php?rest_route=%2Fwp%2Fv2%2Ftags&post=77336"}],"curies":[{"name":"wp","href":"https:\/\/api.w.org\/{rel}","templated":true}]}}