{"id":77252,"date":"2025-02-04T01:07:00","date_gmt":"2025-02-04T04:07:00","guid":{"rendered":"https:\/\/conurbanodiario.com.ar\/?p=77252"},"modified":"2025-02-03T21:50:36","modified_gmt":"2025-02-04T00:50:36","slug":"varela-liga-femenina-de-handball","status":"publish","type":"post","link":"https:\/\/conurbanodiario.com.ar\/?p=77252","title":{"rendered":"VARELA: LIGA FEMENINA DE HANDBALL"},"content":{"rendered":"\n<p>El Ejecutivo varelense convoca a equipos de maxi handball conformados por jugadoras no federadas de 30 a\u00f1os en adelante para competir en torneo apertura, clausura y super 4.<\/p>\n\n\n\n<p>La matriculaci\u00f3n es hasta el 23 de febrero para vecinas de Florencio Varela o distritos aleda\u00f1os v\u00eda ligamaxihandball@gmail.com. Interesadas enviar el nombre de la alineaci\u00f3n y de d\u00f3nde son. Mediante el correo electr\u00f3nico, reciben formulario de inscripci\u00f3n, reglamento m\u00e1s bolet\u00edn informativo.<\/p>\n\n\n\n<p>La liga es anual con dos instancias semestrales y un cuadrangular con los mejores grupos. Los partidos son los s\u00e1bados en los polideportivos \u201cN\u00e9stor Kirchner\u201d y \u201cLa Patriada\u201d.<\/p>\n\n\n\n<p>Marcos Ricardo, coordinador general del certamen, indica: \u201cEsta es la tercera edici\u00f3n. Desde la Municipalidad, tenemos el apoyo ya sea con la infraestructura o con premios para entregar a fin de a\u00f1o\u201d.<\/p>\n","protected":false},"excerpt":{"rendered":"<p>El Ejecutivo varelense convoca a equipos de maxi handball conformados por jugadoras no federadas de&#8230;<\/p>\n","protected":false},"author":1,"featured_media":77253,"comment_status":"closed","ping_status":"closed","sticky":false,"template":"","format":"standard","meta":{"footnotes":""},"categories":[32],"tags":[],"class_list":["post-77252","post","type-post","status-publish","format-standard","has-post-thumbnail","hentry","category-deportes"],"_links":{"self":[{"href":"https:\/\/conurbanodiario.com.ar\/index.php?rest_route=\/wp\/v2\/posts\/77252","targetHints":{"allow":["GET"]}}],"collection":[{"href":"https:\/\/conurbanodiario.com.ar\/index.php?rest_route=\/wp\/v2\/posts"}],"about":[{"href":"https:\/\/conurbanodiario.com.ar\/index.php?rest_route=\/wp\/v2\/types\/post"}],"author":[{"embeddable":true,"href":"https:\/\/conurbanodiario.com.ar\/index.php?rest_route=\/wp\/v2\/users\/1"}],"replies":[{"embeddable":true,"href":"https:\/\/conurbanodiario.com.ar\/index.php?rest_route=%2Fwp%2Fv2%2Fcomments&post=77252"}],"version-history":[{"count":1,"href":"https:\/\/conurbanodiario.com.ar\/index.php?rest_route=\/wp\/v2\/posts\/77252\/revisions"}],"predecessor-version":[{"id":77254,"href":"https:\/\/conurbanodiario.com.ar\/index.php?rest_route=\/wp\/v2\/posts\/77252\/revisions\/77254"}],"wp:featuredmedia":[{"embeddable":true,"href":"https:\/\/conurbanodiario.com.ar\/index.php?rest_route=\/wp\/v2\/media\/77253"}],"wp:attachment":[{"href":"https:\/\/conurbanodiario.com.ar\/index.php?rest_route=%2Fwp%2Fv2%2Fmedia&parent=77252"}],"wp:term":[{"taxonomy":"category","embeddable":true,"href":"https:\/\/conurbanodiario.com.ar\/index.php?rest_route=%2Fwp%2Fv2%2Fcategories&post=77252"},{"taxonomy":"post_tag","embeddable":true,"href":"https:\/\/conurbanodiario.com.ar\/index.php?rest_route=%2Fwp%2Fv2%2Ftags&post=77252"}],"curies":[{"name":"wp","href":"https:\/\/api.w.org\/{rel}","templated":true}]}}