{"id":77243,"date":"2025-02-10T01:01:00","date_gmt":"2025-02-10T04:01:00","guid":{"rendered":"https:\/\/conurbanodiario.com.ar\/?p=77243"},"modified":"2025-02-13T17:03:43","modified_gmt":"2025-02-13T20:03:43","slug":"anses-calendarios-de-pagos-de-febrero-2","status":"publish","type":"post","link":"https:\/\/conurbanodiario.com.ar\/?p=77243","title":{"rendered":"ANSES: CALENDARIOS DE PAGOS DE FEBRERO"},"content":{"rendered":"\n<p>ANSES, organismo dependiente del Ministerio de Capital Humano, comunica los calendarios de pagos de&nbsp;<strong>febrero<\/strong>&nbsp;para jubilados, pensionados y titulares de Pensiones No Contributivas (PNC), Asignaci\u00f3n Universal por Hijo, Asignaci\u00f3n por Embarazo, Asignaciones Familiares y Prestaci\u00f3n por Desempleo.<\/p>\n\n\n\n<p><strong>Jubilaciones y pensiones que no superen un haber m\u00ednimo<\/strong><\/p>\n\n\n\n<p>\u2022 DNI terminados en 0: 10 de febrero<\/p>\n\n\n\n<p>\u2022 DNI terminados en 1: 11 de febrero<\/p>\n\n\n\n<p>\u2022 DNI terminados en 2: 12 de febrero<\/p>\n\n\n\n<p>\u2022 DNI terminados en 3: 13 de febrero<\/p>\n\n\n\n<p>\u2022 DNI terminados en 4: 14 de febrero<\/p>\n\n\n\n<p>\u2022 DNI terminados en 5: 17 de febrero<\/p>\n\n\n\n<p>\u2022 DNI terminados en 6: 18 de febrero<\/p>\n\n\n\n<p>\u2022 DNI terminados en 7: 19 de febrero<\/p>\n\n\n\n<p>\u2022 DNI terminados en 8: 20 de febrero<\/p>\n\n\n\n<p>\u2022 DNI terminados en 9: 21 de febrero<\/p>\n\n\n\n<p><strong>Jubilaciones y pensiones que superen un haber m\u00ednimo<\/strong><\/p>\n\n\n\n<p>\u2022 DNI terminados en 0 y 1: 24 de febrero<\/p>\n\n\n\n<p>\u2022 DNI terminados en 2 y 3: 25 de febrero<\/p>\n\n\n\n<p>\u2022 DNI terminados en 4 y 5: 26 de febrero<\/p>\n\n\n\n<p>\u2022 DNI terminados en 6 y 7: 27 de febrero<\/p>\n\n\n\n<p>\u2022 DNI terminados en 8 y 9: 28 de febrero<\/p>\n\n\n\n<p><strong>Asignaci\u00f3n Universal por Hijo y Asignaci\u00f3n Familiar por Hijo<\/strong><\/p>\n\n\n\n<p>\u2022 DNI terminados en 0: 10 de febrero<\/p>\n\n\n\n<p>\u2022 DNI terminados en 1:&nbsp; 11 de febrero<\/p>\n\n\n\n<p>\u2022 DNI terminados en 2: 12 de febrero<\/p>\n\n\n\n<p>\u2022 DNI terminados en 3: 13 de febrero<\/p>\n\n\n\n<p>\u2022 DNI terminados en 4: 14 de febrero<\/p>\n\n\n\n<p>\u2022 DNI terminados en 5: 17 de febrero<\/p>\n\n\n\n<p>\u2022 DNI terminados en 6: 18 de febrero<\/p>\n\n\n\n<p>\u2022 DNI terminados en 7: 19 de febrero<\/p>\n\n\n\n<p>\u2022 DNI terminados en 8: 20 de febrero<\/p>\n\n\n\n<p>\u2022 DNI terminados en 9: 21 de febrero<\/p>\n\n\n\n<p><strong>Asignaci\u00f3n por Embarazo<\/strong><\/p>\n\n\n\n<p>\u2022 DNI terminados en 0: 10 de febrero<\/p>\n\n\n\n<p>\u2022 DNI terminados en 1:&nbsp; 11 de febrero<\/p>\n\n\n\n<p>\u2022 DNI terminados en 2: 12 de febrero<\/p>\n\n\n\n<p>\u2022 DNI terminados en 3: 13 de febrero<\/p>\n\n\n\n<p>\u2022 DNI terminados en 4: 14 de febrero<\/p>\n\n\n\n<p>\u2022 DNI terminados en 5: 17 de febrero<\/p>\n\n\n\n<p>\u2022 DNI terminados en 6: 18 de febrero<\/p>\n\n\n\n<p>\u2022 DNI terminados en 7: 19 de febrero<\/p>\n\n\n\n<p>\u2022 DNI terminados en 8: 20 de febrero<\/p>\n\n\n\n<p>\u2022 DNI terminados en 9: 21 de febrero<\/p>\n\n\n\n<p><strong>Asignaci\u00f3n por Prenatal y Maternidad<\/strong><\/p>\n\n\n\n<p>\u2022 DNI terminados en 0 y 1: 11 de febrero<\/p>\n\n\n\n<p>\u2022 DNI terminados en 2 y 3: 12 de febrero<\/p>\n\n\n\n<p>\u2022 DNI terminados en 4 y 5: 13 de febrero<\/p>\n\n\n\n<p>\u2022 DNI terminados en 6 y 7: 14 de febrero<\/p>\n\n\n\n<p>\u2022 DNI terminados en 8 y 9: 17 de febrero<\/p>\n\n\n\n<p><strong>Asignaciones Pago \u00danico (Matrimonio, Nacimiento, Adopci\u00f3n)<\/strong><\/p>\n\n\n\n<p>\u2022 Todas las terminaciones de documento: 11 de febrero al 12 de marzo<\/p>\n\n\n\n<p><strong>Pensiones No Contributivas<\/strong><\/p>\n\n\n\n<p>\u2022 DNI terminados en 0 y 1: 10 de febrero<\/p>\n\n\n\n<p>\u2022 DNI terminados en 2 y 3: 11 de febrero<\/p>\n\n\n\n<p>\u2022 DNI terminados en 4 y 5: 12 de febrero<\/p>\n\n\n\n<p>\u2022 DNI terminados en 6 y 7: 13 de febrero<\/p>\n\n\n\n<p>\u2022 DNI terminados en 8 y 9: 14 de febrero<\/p>\n\n\n\n<p><strong>Asignaciones Familiares de Pensiones No Contributivas<\/strong><\/p>\n\n\n\n<p>\u2022 Todas las terminaciones de documento: 10 de febrero al 12 de marzo<\/p>\n\n\n\n<p><strong>Prestaci\u00f3n por Desempleo<\/strong><\/p>\n\n\n\n<p>\u2022 DNI terminados en 0 y 1: 20 de febrero<\/p>\n\n\n\n<p>\u2022 DNI terminados en 2 y 3: 21 de febrero<\/p>\n\n\n\n<p>\u2022 DNI terminados en 4 y 5: 24 de febrero<\/p>\n\n\n\n<p>\u2022 DNI terminados en 6 y 7: 25 de febrero<\/p>\n\n\n\n<p>\u2022 DNI terminados en 8 y 9: 26 de febrero<\/p>\n","protected":false},"excerpt":{"rendered":"<p>ANSES, organismo dependiente del Ministerio de Capital Humano, comunica los calendarios de pagos de&nbsp;febrero&nbsp;para jubilados,&#8230;<\/p>\n","protected":false},"author":1,"featured_media":77244,"comment_status":"closed","ping_status":"closed","sticky":false,"template":"","format":"standard","meta":{"footnotes":""},"categories":[33,5],"tags":[],"class_list":["post-77243","post","type-post","status-publish","format-standard","has-post-thumbnail","hentry","category-destacados","category-el-pais"],"_links":{"self":[{"href":"https:\/\/conurbanodiario.com.ar\/index.php?rest_route=\/wp\/v2\/posts\/77243","targetHints":{"allow":["GET"]}}],"collection":[{"href":"https:\/\/conurbanodiario.com.ar\/index.php?rest_route=\/wp\/v2\/posts"}],"about":[{"href":"https:\/\/conurbanodiario.com.ar\/index.php?rest_route=\/wp\/v2\/types\/post"}],"author":[{"embeddable":true,"href":"https:\/\/conurbanodiario.com.ar\/index.php?rest_route=\/wp\/v2\/users\/1"}],"replies":[{"embeddable":true,"href":"https:\/\/conurbanodiario.com.ar\/index.php?rest_route=%2Fwp%2Fv2%2Fcomments&post=77243"}],"version-history":[{"count":1,"href":"https:\/\/conurbanodiario.com.ar\/index.php?rest_route=\/wp\/v2\/posts\/77243\/revisions"}],"predecessor-version":[{"id":77245,"href":"https:\/\/conurbanodiario.com.ar\/index.php?rest_route=\/wp\/v2\/posts\/77243\/revisions\/77245"}],"wp:featuredmedia":[{"embeddable":true,"href":"https:\/\/conurbanodiario.com.ar\/index.php?rest_route=\/wp\/v2\/media\/77244"}],"wp:attachment":[{"href":"https:\/\/conurbanodiario.com.ar\/index.php?rest_route=%2Fwp%2Fv2%2Fmedia&parent=77243"}],"wp:term":[{"taxonomy":"category","embeddable":true,"href":"https:\/\/conurbanodiario.com.ar\/index.php?rest_route=%2Fwp%2Fv2%2Fcategories&post=77243"},{"taxonomy":"post_tag","embeddable":true,"href":"https:\/\/conurbanodiario.com.ar\/index.php?rest_route=%2Fwp%2Fv2%2Ftags&post=77243"}],"curies":[{"name":"wp","href":"https:\/\/api.w.org\/{rel}","templated":true}]}}